{"id":76246,"date":"2026-04-29T12:14:00","date_gmt":"2026-04-29T09:14:00","guid":{"rendered":"https:\/\/www.peyzax.com\/?p=76246"},"modified":"2026-04-26T00:32:01","modified_gmt":"2026-04-25T21:32:01","slug":"la-casa-turca","status":"publish","type":"post","link":"https:\/\/www.peyzax.com\/es\/la-casa-turca\/","title":{"rendered":"La Casa Turca: La Memoria Espacial De Una Civilizaci\u00f3n Que Deja El Sol A Su Vecino"},"content":{"rendered":"\n<p>Mientras navegaba por X, me encontr\u00e9 con esta frase de Ali Kaan: <strong><em>\u00abLos turcos son una naci\u00f3n que merece vivir no en apartamentos estrechos, sino en verdaderas casas turcas con patio.\u00bb <\/em><\/strong>La frase, al principio, puede parecer un poco rom\u00e1ntica, quiz\u00e1 tambi\u00e9n algo ambiciosa&#8230; Pero hay frases que, antes incluso de comprobar si son ciertas, despiertan en la persona el deseo de imaginar. A m\u00ed me ocurri\u00f3 exactamente eso. De pronto me vi dentro del patio empedrado de la imagen, junto a un \u00e1rbol florido cuya sombra ca\u00eda sobre el suelo, frente a una casa cuyas ventanas de madera dejaban entrar suavemente la luz de la ma\u00f1ana. Luego a\u00f1ad\u00ed a esa imagen un jard\u00edn. Un pozo, un sedir, un leve sonido de agua, enredaderas apoyadas en el muro de piedra, arriba un cumba, en medio el hayat, dentro el sofa&#8230; Y entonces me di cuenta de que no estaba pensando solamente en una casa; estaba pensando en una forma de vida.<\/p>\n\n\n\n<figure class=\"wp-block-embed is-type-rich is-provider-twitter wp-block-embed-twitter\"><div class=\"wp-block-embed__wrapper\">\n<blockquote class=\"twitter-tweet\" data-width=\"550\" data-dnt=\"true\"><p lang=\"tr\" dir=\"ltr\">T\u00fcrkler s\u0131k\u0131\u015f\u0131k apartman dairelerinde de\u011fil, avlusu olan ger\u00e7ek T\u00fcrk evlerinde ya\u015famay\u0131 hak eden bir millettir. <a href=\"https:\/\/t.co\/aBtkVcVVW3\" rel=\"nofollow\">pic.twitter.com\/aBtkVcVVW3<\/a><\/p>&mdash; Ali Kaan (@HorasaniTurki) <a href=\"https:\/\/twitter.com\/HorasaniTurki\/status\/2041911686169272716?ref_src=twsrc%5Etfw\" rel=\"nofollow noopener\" target=\"_blank\">April 8, 2026<\/a><\/blockquote><script async src=\"https:\/\/platform.twitter.com\/widgets.js\" charset=\"utf-8\"><\/script>\n<\/div><\/figure>\n\n\n\n<p>Despu\u00e9s quise preparar para ustedes un texto detallado para que todos pudieran conocer mejor las caracter\u00edsticas de las casas turcas. Primero investigu\u00e9, claro. Me encontr\u00e9 con dibujos, t\u00e9rminos, comentarios sobre antiguos tejidos urbanos y todo un mundo de pensamiento espacial que se extiende desde Safranbolu hasta Bujar\u00e1. Y al final vi con m\u00e1s claridad esto: la casa turca no es solamente una herencia arquitect\u00f3nica del pasado. Es tambi\u00e9n un pensamiento escrito en el espacio sobre c\u00f3mo podemos vivir juntos, sobre c\u00f3mo deber\u00edamos mirar e incluso, quiz\u00e1, sobre c\u00f3mo podemos seguir siendo humanos.<\/p>\n\n\n\n<blockquote class=\"wp-block-quote is-layout-flow wp-block-quote-is-layout-flow\">\n<p class=\"is-style-alert-2 has-medium-font-size\">Hoy, en muchas ciudades modernas, los edificios se elevan dentro de sus parcelas con sus propias afirmaciones individuales. Cada uno parece independiente del otro, incluso a veces como si fuera su rival. En la ciudad turca tradicional, en cambio, esta relaci\u00f3n es distinta. La casa no tiene en cuenta solo su propio confort, sino tambi\u00e9n la luz del vecino, la sombra de la calle y el aire del barrio. Por eso, en los barrios turcos que adoptaron la arquitectura horizontal tradicional, se habla de una sensibilidad que podr\u00eda resumirse as\u00ed: \u00abque la sombra de una casa no corte el sol de la otra\u00bb.<\/p>\n<\/blockquote>\n\n\n\n<p>Hoy solemos discutir la cuesti\u00f3n de la vivienda a trav\u00e9s de metros cuadrados, fachada, vista, n\u00famero de habitaciones, tipo de cocina y servicios del conjunto residencial. Sin embargo, la casa turca tradicional planteaba esta pregunta de otra manera. M\u00e1s que preguntar \u00abcu\u00e1n grande debe ser una casa\u00bb, se interesaba por la pregunta: <strong>qu\u00e9 tipo de vida debe sostener una casa<\/strong>. Esta peque\u00f1a diferencia, en realidad, transforma todo el enfoque arquitect\u00f3nico. Porque entonces el edificio deja de ser una c\u00e1scara que se cierra sobre la persona y se convierte en un organismo que acompa\u00f1a su ritmo cotidiano, organiza su relaci\u00f3n con la naturaleza y protege de manera casi invisible el derecho de vecindad.<\/p>\n\n\n\n<figure class=\"wp-block-image size-full\"><img fetchpriority=\"high\" decoding=\"async\" width=\"1300\" height=\"732\" src=\"https:\/\/www.peyzax.com\/wp-content\/uploads\/2026\/04\/Turk-Evi-Kavramlari.png\" alt=\"Diagrama educativo en 3D que muestra detalladamente la anatom\u00eda arquitect\u00f3nica de una casa turca tradicional, con todos sus elementos exteriores e interiores etiquetados con t\u00e9rminos turcos.\" class=\"wp-image-75003\" title=\"\"><figcaption class=\"wp-element-caption\">Diagrama educativo en 3D que muestra detalladamente la anatom\u00eda arquitect\u00f3nica de una casa turca tradicional, con todos sus elementos exteriores e interiores etiquetados con t\u00e9rminos turcos. La imagen de su fuente original ha sido reinterpretada con la tecnolog\u00eda actual. (1)<\/figcaption><\/figure>\n\n\n\n<p>Cuando se habla de la casa turca, lo primero que aparece en la mente de muchas personas es el cumba. Muros encalados, entramados de madera, sombras profundas bajo los aleros, calles empedradas, a veces tambi\u00e9n altos muros de patio&#8230; Pero intentar reconocer la casa turca solo por su apariencia resulta incompleto. Porque la fuerza de estas casas se esconde tambi\u00e9n en una l\u00f3gica interior que no se comprende inmediatamente desde fuera. En el centro de esa l\u00f3gica est\u00e1 la medida. Pero esta medida no es solo una proporci\u00f3n matem\u00e1tica o geom\u00e9trica. <strong>Es un poco decoro, un poco derecho, un poco conocimiento clim\u00e1tico y tambi\u00e9n un poco delicadeza de vivir.<\/strong><\/p>\n\n\n\n<p>Por eso, al hablar de la casa turca, tambi\u00e9n hay que hablar de la ciudad. Porque la casa turca, la mayor\u00eda de las veces, no est\u00e1 separada de la calle. Es una continuaci\u00f3n natural del tejido urbano en el que se encuentra. Hoy, en muchas ciudades modernas, los edificios se elevan dentro de sus parcelas con sus propias afirmaciones individuales. Cada uno parece independiente del otro, incluso a veces como si fuera su rival. En la ciudad turca tradicional, en cambio, esta relaci\u00f3n es distinta. La casa no tiene en cuenta solo su propio confort, sino tambi\u00e9n la luz del vecino, la sombra de la calle y el aire del barrio. Por eso, en los barrios turcos que adoptaron la arquitectura horizontal tradicional, se habla de una sensibilidad que podr\u00eda resumirse as\u00ed: <strong>\u00abque la sombra de una casa no corte el sol de la otra\u00bb<\/strong>. Tal vez esto no se haya aplicado en todas partes con la misma rigidez, tal vez haya cambiado con el tiempo, pero se siente que esta idea dej\u00f3 una huella muy fuerte en la memoria arquitect\u00f3nica.<\/p>\n\n\n\n<figure class=\"wp-block-image size-full\"><img decoding=\"async\" width=\"1300\" height=\"267\" src=\"https:\/\/www.peyzax.com\/wp-content\/uploads\/2026\/04\/image-30.png\" alt=\"\" class=\"wp-image-75029\" title=\"\"><figcaption class=\"wp-element-caption\">Vista panor\u00e1mica que tom\u00e9 en mi primera visita a Safranbolu. 21 de abril de 2012<\/figcaption><\/figure>\n\n\n\n<p>Cuando se habla de la casa turca, una de las primeras ciudades que sin duda viene a la mente es <strong>Safranbolu <\/strong>. Curiosamente, mientras escrib\u00eda este texto, entr\u00e9 en mi propio archivo fotogr\u00e1fico y regres\u00e9 al d\u00eda en que vi Safranbolu por primera vez. Me di cuenta de que conoc\u00ed esta ciudad exactamente hace 14 a\u00f1os, el 21 de abril de 2012. A pesar del tiempo transcurrido, la emoci\u00f3n de aquel primer encuentro sigue estando muy viva. Incluso en una \u00e9poca en la que los edificios todav\u00eda no se presentaban con tanto esplendor como hoy, cuando las intervenciones est\u00e9ticas y el brillo tur\u00edstico no estaban tan en primer plano, Safranbolu ya provocaba una profunda admiraci\u00f3n. Porque lo impresionante no era solo la belleza individual de las casas, sino la medida, la calma y la elegancia que produc\u00eda todo un tejido urbano. En cada visita a Safranbolu not\u00e9 otro detalle; a veces la manera en que una calle transportaba la sombra, a veces la forma en que un cumba se inclinaba hacia la calle, a veces la vida escondida detr\u00e1s de un muro de patio. En este sentido, Safranbolu no es solo una ciudad que se ve, sino una memoria espacial que se relee en cada regreso. El \u00fanico problema quiz\u00e1 sea la creciente carga tur\u00edstica de la regi\u00f3n; las multitudes, lamentablemente, muchas veces no dejan suficiente espacio para detenerse, pensar e incluso ver de verdad&#8230;<\/p>\n\n\n\n<p>Cuando se observan asentamientos como Safranbolu, esta situaci\u00f3n se vuelve mucho m\u00e1s concreta. Al situarse en la ladera, las casas no intentan \u00fanicamente apropiarse de la mejor vista. En lugar de una l\u00f3gica de asentamiento agresiva que bloquea completamente unas a otras, se percibe una composici\u00f3n escalonada, retirada, que respira. Por eso esas casas no solo parecen bellas; tambi\u00e9n parecen justas. Es muy interesante: al caminar por algunas ciudades, aunque no sepas t\u00e9cnicamente qu\u00e9 es lo correcto, sientes que algo ha sido construido con equidad. El lenguaje urbano que crea la casa turca es un poco as\u00ed.<\/p>\n\n\n\n<p>En este punto, es posible decir que se establece un v\u00ednculo silencioso entre el urbanismo y la moral. Porque la comprensi\u00f3n turca de la ciudad no es solo una organizaci\u00f3n f\u00edsica que responde a la necesidad de habitar; es la transformaci\u00f3n espacial de la relaci\u00f3n que el ser humano establece con otro ser humano y con la naturaleza. Aqu\u00ed, la ciudad no es la suma de torres de hormig\u00f3n levantadas hacia el cielo. Es m\u00e1s bien una superficie de vida que toca la tierra, comprende el viento, valora la direcci\u00f3n del sol, cuida la vecindad, protege la intimidad sin eliminar por completo el encuentro.<\/p>\n\n\n\n<figure class=\"wp-block-image size-full\"><img decoding=\"async\" width=\"1300\" height=\"730\" src=\"https:\/\/www.peyzax.com\/wp-content\/uploads\/2026\/04\/DSC02557-scaled.jpg\" alt=\"\" class=\"wp-image-75807\" title=\"\"><figcaption class=\"wp-element-caption\">31 de julio de 2015 &#8211; Estambul<\/figcaption><\/figure>\n\n\n\n<p>Las calles tambi\u00e9n son una parte importante de este sistema. Cuando hoy se habla de una calle estrecha, a veces se piensa en algo negativo. Sin embargo, en el tejido tradicional, la estrechez no siempre significa agobio. Al contrario, la calle estrecha muchas veces produce sombra, protege a quien camina y establece una escala m\u00e1s cercana entre el edificio y la persona. La prolongaci\u00f3n de los aleros hacia la calle, el ritmo de los voladizos, la continuidad de las superficies murales, la ubicaci\u00f3n de puertas y ventanas; cuando todo esto se re\u00fane, la calle deja de ser un simple corredor de paso y se convierte en un intervalo vivido. La calle ya no es el espacio del autom\u00f3vil, sino el espacio de la mirada, del saludo, de la espera y del breve encuentro.<\/p>\n\n\n\n<figure class=\"wp-block-gallery has-nested-images columns-2 is-cropped wp-block-gallery-1 is-layout-flex wp-block-gallery-is-layout-flex\">\n<figure class=\"wp-block-image size-large is-style-default\"><img loading=\"lazy\" decoding=\"async\" width=\"1300\" height=\"731\" data-id=\"75823\" src=\"https:\/\/www.peyzax.com\/wp-content\/uploads\/2026\/04\/IMG_20190721_150334_1-scaled.jpg\" alt=\"\" class=\"wp-image-75823\" style=\"aspect-ratio:3\/2\" title=\"\"><figcaption><\/figcaption><\/figure>\n\n\n\n<figure class=\"wp-block-image size-large\"><img loading=\"lazy\" decoding=\"async\" width=\"2560\" height=\"1438\" data-id=\"75815\" src=\"https:\/\/www.peyzax.com\/wp-content\/uploads\/2026\/04\/DSC09185-scaled.jpg\" alt=\"\" class=\"wp-image-75815\" style=\"aspect-ratio:3\/2\" title=\"\"><figcaption><\/figcaption><\/figure>\n<figcaption class=\"blocks-gallery-caption wp-element-caption\">Mardin &#8211; 21 de julio de 2019 (izquierda), 10 de mayo de 2015 (derecha)<\/figcaption><\/figure>\n\n\n\n<p>Los elementos presentes en la fachada exterior de la casa turca tambi\u00e9n forman parte de esta delicadeza clim\u00e1tica y social. El alero, por ejemplo, no es solo un elemento constructivo que protege de la lluvia. Tambi\u00e9n protege la fachada del sol, orienta el flujo del agua, produce profundidad de sombra y suaviza la atm\u00f3sfera de la calle. El \u00e7\u00f6rten, por su parte, es un detalle peque\u00f1o pero sumamente importante que permite evacuar de manera controlada el agua de lluvia acumulada en el tejado. Estos elementos, que hoy casi pasan desapercibidos para muchas personas, muestran en realidad cu\u00e1n consciente era la relaci\u00f3n con el agua. Lo mismo ocurre con la cumbrera, la pelvaze, las contraventanas, el goter\u00f3n y la ventana de esquina. Cada uno parece peque\u00f1o, pero la suma de lo peque\u00f1o produce una gran inteligencia arquitect\u00f3nica. El efecto de la casa turca tambi\u00e9n se oculta aqu\u00ed: no construye su fuerza con grandes gestos, sino con peque\u00f1as decisiones colocadas en el lugar correcto.<\/p>\n\n\n<div class=\"uckan-card\"><button type=\"text\" aria-label=\"Kapat\"><i class=\"gi gi-times\"><\/i><\/button><\/div>\n\n\n<p>Uno de los elementos que m\u00e1s llama la atenci\u00f3n en la fachada es, sin duda, el cumba. El cumba es el rostro de la casa turca que se extiende hacia la calle. Pero esta extensi\u00f3n no es agresiva; es medida. Establece una relaci\u00f3n con la calle, ampl\u00eda la vista, ofrece a la persona sentada en el interior un campo visual m\u00e1s amplio y enriquece la escala de la calle en el nivel inferior. Pero, al mismo tiempo, no es una apertura total. Gracias al cumba, la vida interior observa el exterior; pero no se entrega completamente a \u00e9l. Aqu\u00ed existe un equilibrio muy sutil entre lo p\u00fablico y lo privado. Tal vez uno de los aspectos m\u00e1s elegantes de la casa turca tradicional sea precisamente este: no se cierra por completo, pero tampoco se expone del todo.<\/p>\n\n\n\n<blockquote class=\"wp-block-quote is-layout-flow wp-block-quote-is-layout-flow\">\n<p class=\"is-style-alert-2 has-medium-font-size\">La casa turca no es solamente una herencia arquitect\u00f3nica del pasado. Es tambi\u00e9n un pensamiento escrito en el espacio sobre c\u00f3mo podemos vivir juntos, sobre c\u00f3mo deber\u00edamos mirar e incluso, quiz\u00e1, sobre c\u00f3mo podemos seguir siendo humanos.<\/p>\n<\/blockquote>\n\n\n\n<p>Cuando entramos en la casa, nos encontramos con otro mundo. La casa turca no nos lanza directamente al centro despu\u00e9s de la puerta. Ralentiza esa transici\u00f3n. Por eso es importante el ta\u015fl\u0131k. El ta\u015fl\u0131k es como una capa de transici\u00f3n entre el exterior y el interior. No es exactamente afuera, pero todav\u00eda no es adentro. La frescura de la piedra en el suelo, quitarse los zapatos, la desaceleraci\u00f3n del movimiento, la preparaci\u00f3n del cuerpo para el espacio interior&#8230; Cuando todo esto se piensa en conjunto, el ta\u015fl\u0131k se convierte en un umbral sensorial tanto como funcional. Esa idea delicada de transici\u00f3n que hemos perdido en las viviendas actuales todav\u00eda se siente aqu\u00ed.<\/p>\n\n\n\n<p>Uno de los conceptos m\u00e1s importantes de la casa turca es el hayat. El hayat, incluso por su propio nombre, revela la intenci\u00f3n de esta arquitectura. Porque este espacio no es solo un vac\u00edo o una superficie de circulaci\u00f3n; es el lugar vivido. Es una interfaz semiabierta, semicerrada y multifuncional donde la casa entra en contacto con el jard\u00edn, el patio y la vida cotidiana. El caf\u00e9 de la ma\u00f1ana puede tomarse aqu\u00ed, un invitado puede recibirse aqu\u00ed, un ni\u00f1o puede jugar aqu\u00ed, en el calor del verano se puede buscar aqu\u00ed la frescura. Esa forma de vida permeable entre interior y exterior, que hoy hemos olvidado un poco, vuelve a hacerse visible en el espacio del hayat.<\/p>\n\n\n\n<figure class=\"wp-block-image size-full is-resized\"><img loading=\"lazy\" decoding=\"async\" width=\"726\" height=\"700\" src=\"https:\/\/www.peyzax.com\/wp-content\/uploads\/2026\/04\/image-31.png\" alt=\"\" class=\"wp-image-75831\" style=\"width:793px;height:auto\" title=\"\"><figcaption><\/figcaption><\/figure>\n\n\n\n<p>En relaci\u00f3n con el hayat, el sofa tambi\u00e9n es la columna vertebral de la casa turca. El sofa no es solo un \u00e1rea de distribuci\u00f3n a la que se abren las habitaciones. Es un centro com\u00fan donde la familia se ve, donde las voces se mezclan, donde el movimiento dentro de la casa se anuda. Tipos como el sofa interior, el sofa exterior o el sofa central muestran c\u00f3mo este espacio se transforma seg\u00fan el clima regional y los h\u00e1bitos de vida. Es decir, la casa turca no es una tipolog\u00eda r\u00edgida; es un esquema vivo que se adapta al contexto. Esta flexibilidad es muy valiosa. Porque la buena arquitectura, muchas veces, no impone una \u00fanica forma correcta; escucha la geograf\u00eda y el modo de vida en el que se inserta.<\/p>\n\n\n\n<figure class=\"wp-block-image size-full\"><img loading=\"lazy\" decoding=\"async\" width=\"800\" height=\"537\" src=\"https:\/\/www.peyzax.com\/wp-content\/uploads\/2026\/04\/01.jpg\" alt=\"\" class=\"wp-image-75839\" title=\"\"><figcaption class=\"wp-element-caption\">Sofa En La Casa Turca (Sobre La Escalera) &#8211; Imagen Tomada De Otra Fuente<\/figcaption><\/figure>\n\n\n\n<p>En algunas regiones, el eyvan tambi\u00e9n se suma a esta riqueza de espacios intermedios. El eyvan, como espacio de transici\u00f3n abierto por un lado, semisombreado y con profundidad, asume un papel importante especialmente en la relaci\u00f3n con el clima. En las regiones c\u00e1lidas proporciona sombra y circulaci\u00f3n de aire, al mismo tiempo que aporta al espacio un ritmo y una cierta sensaci\u00f3n ceremonial. Impide que la casa comience de golpe; permite que se abra poco a poco. Este tipo de espacios ha disminuido mucho en las viviendas modernas. Sin embargo, el ser humano tambi\u00e9n necesita psicol\u00f3gicamente estas transiciones. No queremos pasar de un lugar a otro solo por una puerta; queremos pasar por un umbral, una pausa, una sombra, un ritmo.<\/p>\n\n\n\n<p>La organizaci\u00f3n de las habitaciones tambi\u00e9n parece continuar esta comprensi\u00f3n. En la casa turca, la habitaci\u00f3n no se piensa como una caja fijada a una sola funci\u00f3n, como ocurre hoy. Cuando es necesario puede servir para sentarse, cuando es necesario para dormir, cuando es necesario para recibir invitados. Esta flexibilidad vuelve vivo el espacio. Porque permite la variabilidad de la vida. Nichos en los muros, armarios empotrados, sedires, y\u00fckl\u00fck y elementos integrados impiden que la habitaci\u00f3n sea solo un volumen vac\u00edo; le otorgan una cultura de uso. Aqu\u00ed, el mobiliario y la arquitectura no est\u00e1n separados. El mobiliario no parece un elemento tra\u00eddo despu\u00e9s, sino algo nacido desde dentro del propio espacio.<\/p>\n\n\n\n<p>En este contexto, el sedir no es solo un elemento donde uno se sienta; es la forma en que el espacio establece una relaci\u00f3n con el suelo y con el cuerpo. Sentarse cerca del suelo, ubicarse junto a la ventana, el flujo de la conversaci\u00f3n cara a cara, la experiencia de la luz y del paisaje en distintos niveles&#8230; Cada uno de estos aspectos influye en el ritmo que la vida cotidiana establece con el cuerpo. Por eso la casa turca es tambi\u00e9n la casa del cuerpo, tanto como la casa de la mirada. No es solo un lenguaje espacial que se contempla, sino un espacio que se vive.<\/p>\n\n\n\n<p>El patio y el jard\u00edn son la capa principal donde la casa turca se encuentra con el paisaje. A mi parecer, este tema no se discute lo suficiente. Porque tratar la casa turca solo como edificio empieza a ocultar su fuerte relaci\u00f3n con el espacio exterior. Sin embargo, el patio es una parte complementaria de esta casa; a veces incluso su coraz\u00f3n. El hecho de estar rodeado por altos muros no sirve para separarlo del exterior, sino para producir en el interior una intimidad libre. En el patio hay un \u00e1rbol, una fuente, un peque\u00f1o parterre de flores, un rinc\u00f3n para sentarse, a veces elementos ligados a la producci\u00f3n, a veces un espacio de movimiento para los ni\u00f1os. Aqu\u00ed, el paisaje no es decoraci\u00f3n; es una prolongaci\u00f3n de la vida. El jard\u00edn no se organiza solo para verse bonito; existe para producir sombra, dar frutos, llevar aromas, ofrecer frescura y hacer sentir la estaci\u00f3n.<\/p>\n\n\n\n<figure class=\"wp-block-image size-full\"><img loading=\"lazy\" decoding=\"async\" width=\"1200\" height=\"800\" src=\"https:\/\/www.peyzax.com\/wp-content\/uploads\/2026\/04\/datca-turk-evi-otel_4365be9f.webp\" alt=\"\" class=\"wp-image-75856\" title=\"\"><figcaption class=\"wp-element-caption\">Dat\u00e7a T\u00fcrk Evi Hotel &#8211; Imagen Tomada De Otra Fuente<\/figcaption><\/figure>\n\n\n\n<p>Esto es muy importante: en la casa turca, la naturaleza no es una decoraci\u00f3n a\u00f1adida a la casa despu\u00e9s. La naturaleza y la arquitectura fueron pensadas juntas. La relaci\u00f3n de la madera con el agua, de la piedra con la sombra, del patio con el cielo, del \u00e1rbol con la fachada parece casi no haber sido dise\u00f1ada desde el inicio, sino haber madurado con el tiempo. Tal vez sea tambi\u00e9n esto lo que hace tan impresionante a la casa turca. No es una construcci\u00f3n que dice: \u00abmiren cu\u00e1nto he sido dise\u00f1ada\u00bb. Se parece m\u00e1s a un espacio que se ha embellecido con el tiempo porque ha sido vivido correctamente.<\/p>\n\n\n<div class=\"uckan-card\"><button type=\"text\" aria-label=\"Kapat\"><i class=\"gi gi-times\"><\/i><\/button><\/div>\n\n\n<p>El lenguaje de los materiales lleva la misma sencillez. En los pisos inferiores destacan la frescura y la solidez de la piedra; en los superiores, la flexibilidad y la estructura respirable de la madera. La piedra es como un cuerpo fuerte en contacto con la tierra; la madera, en cambio, es una capa m\u00e1s cercana al aire, a la luz y a la vida. Esto no es solo una decisi\u00f3n estructural. Es tambi\u00e9n un equilibrio clim\u00e1tico y sensorial. Mientras la piedra ofrece seguridad maciza y frescura, la madera produce en la parte superior una atm\u00f3sfera m\u00e1s ligera y habitable. Las proporciones de las ventanas, las celos\u00edas, las contraventanas, los vac\u00edos bajo los aleros e incluso la forma de los llamadores de puerta forman parte de este lenguaje integral.<\/p>\n\n\n\n<p>Aqu\u00ed vuelve a cobrar importancia el v\u00ednculo entre est\u00e9tica y derecho. Porque la casa turca no es buena solo porque sea bella; muchas veces es bella porque est\u00e1 bien pensada. La idea de no cortar el sol del vecino, la sensibilidad de no matar por completo el viento de la calle, el esfuerzo por proteger la intimidad en el patio mientras se aumenta la sensaci\u00f3n de amplitud en el interior&#8230; Todo esto, junto, produce una est\u00e9tica. Es decir, la belleza aqu\u00ed no nace solo de la forma, sino de la correcci\u00f3n de las relaciones. Para m\u00ed esto es muy importante. Porque hoy, en la arquitectura y en el dise\u00f1o urbano, la forma y la \u00e9tica suelen separarse. La casa turca tradicional, en cambio, nos recuerda que la verdadera belleza puede nacer, a veces, de pensar en el otro.<\/p>\n\n\n\n<p>Tal vez por eso pensar en la casa turca no sea solo una curiosidad hist\u00f3rica. Esta reflexi\u00f3n tambi\u00e9n contiene preguntas muy serias sobre las ciudades y la producci\u00f3n de vivienda de hoy. Lo que ahora deber\u00edamos preguntarnos es esto: \u00bfpor qu\u00e9 producimos tantos edificios y, sin embargo, construimos tan pocos espacios de vida? \u00bfPor qu\u00e9 aumentan los metros cuadrados mientras la vida se reduce? \u00bfPor qu\u00e9 se ampl\u00edan las ventanas mientras se estrecha la vecindad? \u00bfPor qu\u00e9 los balcones se hacen m\u00e1s grandes mientras desaparece aquella sensaci\u00f3n de respirar con amplitud que exist\u00eda en el patio? \u00bfPor qu\u00e9 todo es m\u00e1s nuevo, pero nosotros nos sentimos m\u00e1s pobres, m\u00e1s faltos de algo?<\/p>\n\n\n\n<p>Quiz\u00e1 una de las respuestas est\u00e9 en que hemos empezado a ver el espacio \u00fanicamente como propiedad. La casa turca, en cambio, constru\u00eda el espacio como un campo de relaciones. Por eso la casa no pertenec\u00eda solo a su due\u00f1o; era parte de un todo en el que tambi\u00e9n se tomaban en cuenta el vecino, la calle, el viento, la sombra y la estaci\u00f3n. <strong>No estoy seguro de que esta mirada pueda trasladarse exactamente igual al presente. De hecho, la cuesti\u00f3n tampoco es copiar el pasado. <\/strong>No tendr\u00eda ning\u00fan sentido una arquitectura nost\u00e1lgica superficial del tipo \u00abconstruyamos casas de Safranbolu en cada barrio\u00bb o \u00abhagamos que todos los edificios de apartamentos tengan cumba\u00bb. El asunto principal es poder releer el pensamiento que hay detr\u00e1s de esas casas a partir de las necesidades de hoy.<\/p>\n\n\n\n<p>Quiz\u00e1 hoy no podamos construir <strong>un nuevo barrio formado por casas turcas<\/strong>. Pero podemos producir nuevos principios de vivienda a partir de lo que ense\u00f1a la casa turca. Podemos llamar de nuevo a los espacios de transici\u00f3n. Podemos volver a valorar los espacios semiabiertos. Podemos hacer m\u00e1s visible el derecho de vecindad en el lenguaje urban\u00edstico. Podemos tratar el sol, la sombra, el viento y la intimidad no solo como datos t\u00e9cnicos, sino como cuestiones de calidad de vida. Podemos dise\u00f1ar calles no solo para el flujo de veh\u00edculos, sino tambi\u00e9n para el encuentro y el sombreado. Podemos sacar el paisaje de la condici\u00f3n de ornamento pensado despu\u00e9s de terminar el edificio y convertirlo en una parte esencial de la construcci\u00f3n.<\/p>\n\n\n\n<figure class=\"wp-block-image size-full\"><img loading=\"lazy\" decoding=\"async\" width=\"1300\" height=\"730\" src=\"https:\/\/www.peyzax.com\/wp-content\/uploads\/2026\/04\/DSC00297-scaled.jpg\" alt=\"\" class=\"wp-image-75864\" title=\"\"><figcaption class=\"wp-element-caption\">11 de septiembre de 2014 &#8211; Kastamonu<\/figcaption><\/figure>\n\n\n\n<p>Justo aqu\u00ed, para m\u00ed, la casa turca se vuelve valiosa. No es un objeto nost\u00e1lgico atrapado en las p\u00e1ginas polvorientas del pasado. Es como una maestra silenciosa que nos recuerda que otra forma de vivir es posible. S\u00ed, su lenguaje puede ser antiguo. S\u00ed, sus t\u00e9rminos pueden parecer extra\u00f1os al ser humano de hoy en un primer momento: hayat, sofa, eyvan, ta\u015fl\u0131k, cumba, \u00e7\u00f6rten&#8230; Pero cuando uno se acerca un poco, se da cuenta de que cada una de estas palabras no es solo un elemento arquitect\u00f3nico; es tambi\u00e9n una actitud ante la vida.<\/p>\n\n\n\n<p>Y creo que la cuesti\u00f3n principal se anuda precisamente aqu\u00ed. La casa turca no nos ense\u00f1a solo c\u00f3mo construir una casa, sino c\u00f3mo asentarnos en un lugar. Muestra c\u00f3mo ser vecino, c\u00f3mo compartir el sol, c\u00f3mo conversar con el jard\u00edn, c\u00f3mo descansar en la sombra, c\u00f3mo el umbral adquiere significado. Tal vez lo que m\u00e1s necesitamos hoy sea exactamente esto: no m\u00e1s edificios, sino m\u00e1s sentido; no m\u00e1s pisos, sino m\u00e1s relaci\u00f3n; no m\u00e1s fachadas, sino m\u00e1s hayat, m\u00e1s vida.<\/p>\n\n\n\n<p>La frase de Ali Kaan tal vez parec\u00eda, al principio, una frase de redes sociales. Pero me hizo pensar durante mucho tiempo. Porque a veces la verdad de una frase no se mide con estad\u00edsticas, sino con la puerta que abre dentro de la persona. Cuando mir\u00e9 a trav\u00e9s de esa puerta, vi esto: la casa turca no es solo una tipolog\u00eda habitacional que qued\u00f3 en el pasado. Es una memoria poderosa capaz de sostener al mismo tiempo la escala humana, el derecho del vecino, la armon\u00eda con la naturaleza y la elegancia espacial.<\/p>\n\n\n\n<ul class=\"wp-block-list is-style-star\">\n<li>Tal vez no podamos reconstruir exactamente las mismas casas. Pero podemos reconstruir la misma delicadeza.<\/li>\n\n\n\n<li>Tal vez no caminemos por las mismas calles. Pero podemos hacer que las calles vuelvan a recordar al ser humano.<\/li>\n\n\n\n<li>Tal vez no todas las casas tengan patio. Pero toda vida necesita un poco de cielo, un poco de sombra, un poco de verde y tambi\u00e9n una \u00e9tica espacial que piense en el vecino.<\/li>\n<\/ul>\n\n\n\n<p><strong><em>La casa turca me dice un poco esto. Y quiz\u00e1 precisamente por eso las casas turcas pertenecen tanto al futuro como al pasado.<\/em><\/strong><\/p>\n\n\n\n<p><\/p>\n","protected":false},"excerpt":{"rendered":"<p>Mientras navegaba por X, me encontr\u00e9 con esta frase de Ali Kaan: \u00abLos turcos son una naci\u00f3n que merece vivir no en apartamentos estrechos, sino&#46;&#46;&#46;<\/p>\n","protected":false},"author":2,"featured_media":75020,"comment_status":"open","ping_status":"open","sticky":false,"template":"","format":"standard","meta":{"footnotes":"","_wp_rev_ctl_limit":""},"categories":[5359],"tags":[],"class_list":["post-76246","post","type-post","status-publish","format-standard","has-post-thumbnail","hentry","category-sin-categorizar"],"_links":{"self":[{"href":"https:\/\/www.peyzax.com\/es\/wp-json\/wp\/v2\/posts\/76246","targetHints":{"allow":["GET"]}}],"collection":[{"href":"https:\/\/www.peyzax.com\/es\/wp-json\/wp\/v2\/posts"}],"about":[{"href":"https:\/\/www.peyzax.com\/es\/wp-json\/wp\/v2\/types\/post"}],"author":[{"embeddable":true,"href":"https:\/\/www.peyzax.com\/es\/wp-json\/wp\/v2\/users\/2"}],"replies":[{"embeddable":true,"href":"https:\/\/www.peyzax.com\/es\/wp-json\/wp\/v2\/comments?post=76246"}],"version-history":[{"count":1,"href":"https:\/\/www.peyzax.com\/es\/wp-json\/wp\/v2\/posts\/76246\/revisions"}],"predecessor-version":[{"id":76248,"href":"https:\/\/www.peyzax.com\/es\/wp-json\/wp\/v2\/posts\/76246\/revisions\/76248"}],"wp:featuredmedia":[{"embeddable":true,"href":"https:\/\/www.peyzax.com\/es\/wp-json\/wp\/v2\/media\/75020"}],"wp:attachment":[{"href":"https:\/\/www.peyzax.com\/es\/wp-json\/wp\/v2\/media?parent=76246"}],"wp:term":[{"taxonomy":"category","embeddable":true,"href":"https:\/\/www.peyzax.com\/es\/wp-json\/wp\/v2\/categories?post=76246"},{"taxonomy":"post_tag","embeddable":true,"href":"https:\/\/www.peyzax.com\/es\/wp-json\/wp\/v2\/tags?post=76246"}],"curies":[{"name":"wp","href":"https:\/\/api.w.org\/{rel}","templated":true}]}}