{"id":76775,"date":"2026-05-03T13:34:00","date_gmt":"2026-05-03T10:34:00","guid":{"rendered":"https:\/\/www.peyzax.com\/?p=76775"},"modified":"2026-04-27T00:31:56","modified_gmt":"2026-04-26T21:31:56","slug":"ecouter-lesprit-du-lieu-genius-loci-comme-gardien-invisible","status":"publish","type":"post","link":"https:\/\/www.peyzax.com\/fr\/ecouter-lesprit-du-lieu-genius-loci-comme-gardien-invisible\/","title":{"rendered":"\u00c9couter L\u2019Esprit Du Lieu : Genius Loci Comme Gardien Invisible"},"content":{"rendered":"<div id=\"ez-toc-container\" class=\"ez-toc-v2_0_82_2 counter-hierarchy ez-toc-counter ez-toc-custom ez-toc-container-direction\">\n<p class=\"ez-toc-title\" style=\"cursor:inherit\">H\u0131zl\u0131 Git<\/p>\n<label for=\"ez-toc-cssicon-toggle-item-69f75cec183cd\" class=\"ez-toc-cssicon-toggle-label\"><span class=\"\"><span class=\"eztoc-hide\" style=\"display:none;\">Toggle<\/span><span class=\"ez-toc-icon-toggle-span\"><svg style=\"fill: #ffffff;color:#ffffff\" xmlns=\"http:\/\/www.w3.org\/2000\/svg\" class=\"list-377408\" width=\"20px\" height=\"20px\" viewBox=\"0 0 24 24\" fill=\"none\"><path d=\"M6 6H4v2h2V6zm14 0H8v2h12V6zM4 11h2v2H4v-2zm16 0H8v2h12v-2zM4 16h2v2H4v-2zm16 0H8v2h12v-2z\" fill=\"currentColor\"><\/path><\/svg><svg style=\"fill: #ffffff;color:#ffffff\" class=\"arrow-unsorted-368013\" xmlns=\"http:\/\/www.w3.org\/2000\/svg\" width=\"10px\" height=\"10px\" viewBox=\"0 0 24 24\" version=\"1.2\" baseProfile=\"tiny\"><path d=\"M18.2 9.3l-6.2-6.3-6.2 6.3c-.2.2-.3.4-.3.7s.1.5.3.7c.2.2.4.3.7.3h11c.3 0 .5-.1.7-.3.2-.2.3-.5.3-.7s-.1-.5-.3-.7zM5.8 14.7l6.2 6.3 6.2-6.3c.2-.2.3-.5.3-.7s-.1-.5-.3-.7c-.2-.2-.4-.3-.7-.3h-11c-.3 0-.5.1-.7.3-.2.2-.3.5-.3.7s.1.5.3.7z\"\/><\/svg><\/span><\/span><\/label><input type=\"checkbox\"  id=\"ez-toc-cssicon-toggle-item-69f75cec183cd\" checked aria-label=\"Toggle\" \/><nav><ul class='ez-toc-list ez-toc-list-level-1 ' ><li class='ez-toc-page-1 ez-toc-heading-level-2'><a class=\"ez-toc-link ez-toc-heading-1\" href=\"https:\/\/www.peyzax.com\/fr\/ecouter-lesprit-du-lieu-genius-loci-comme-gardien-invisible\/#Un_Murmure_Venu_De_La_Mythologie\" >Un Murmure Venu De La Mythologie<\/a><\/li><li class='ez-toc-page-1 ez-toc-heading-level-2'><a class=\"ez-toc-link ez-toc-heading-2\" href=\"https:\/\/www.peyzax.com\/fr\/ecouter-lesprit-du-lieu-genius-loci-comme-gardien-invisible\/#Le_Conseil_Du_Poete_Un_Respect_Esthetique_De_Concepteur\" >Le Conseil Du Po\u00e8te : Un Respect Esth\u00e9tique De Concepteur<\/a><\/li><li class='ez-toc-page-1 ez-toc-heading-level-2'><a class=\"ez-toc-link ez-toc-heading-3\" href=\"https:\/\/www.peyzax.com\/fr\/ecouter-lesprit-du-lieu-genius-loci-comme-gardien-invisible\/#Entendre_Les_Murmures_Du_Terrain\" >Entendre Les Murmures Du Terrain<\/a><\/li><li class='ez-toc-page-1 ez-toc-heading-level-2'><a class=\"ez-toc-link ez-toc-heading-4\" href=\"https:\/\/www.peyzax.com\/fr\/ecouter-lesprit-du-lieu-genius-loci-comme-gardien-invisible\/#Les_Villes_Dont_LAme_A_Ete_Tuee_Et_La_Resistance_Du_Contexte\" >Les Villes Dont L\u2019\u00c2me A \u00c9t\u00e9 Tu\u00e9e Et La R\u00e9sistance Du Contexte<\/a><\/li><li class='ez-toc-page-1 ez-toc-heading-level-2'><a class=\"ez-toc-link ez-toc-heading-5\" href=\"https:\/\/www.peyzax.com\/fr\/ecouter-lesprit-du-lieu-genius-loci-comme-gardien-invisible\/#Ecoutez_LEsprit_De_Votre_Propre_Environnement\" >\u00c9coutez L\u2019Esprit De Votre Propre Environnement<\/a><\/li><\/ul><\/nav><\/div>\n\n<p>Alors que le temps commence doucement \u00e0 se r\u00e9chauffer, nous traversons ces jours o\u00f9 l\u2019on sent d\u00e9j\u00e0 la douce agitation du printemps. Avec ce fr\u00e9missement dans la nature, les bourgeons qui apparaissent sur les arbres et cette odeur fra\u00eeche de la terre, on a constamment envie d\u2019\u00eatre dehors, de t\u00e9moigner de l\u2019\u00e9veil de la nature. Moi aussi, ces derniers jours, lorsque je prends mon appareil photo pour essayer de faire entrer ces transformations dans mon cadre, j\u2019observe en m\u00eame temps comment les lieux commencent \u00e0 respirer avec le printemps, et j\u2019ai l\u2019impression qu\u2019ils se mettent \u00e0 nous parler. Tandis que la nature sort de son sommeil hivernal, elle nous rappelle \u00e0 nouveau que chaque recoin autour de nous poss\u00e8de une \u00e2me propre, vivante et vibrante. C\u2019est pr\u00e9cis\u00e9ment ce sentiment d\u2019\u00e9veil et de vitalit\u00e9 apport\u00e9 par le printemps qui m\u2019a donn\u00e9 l\u2019envie d\u2019\u00e9crire sur ce sujet fascinant, pr\u00e9sent dans mon esprit depuis longtemps, mais que j\u2019attendais peut-\u00eatre ces jours-ci pour enfin le poser sur le clavier.<\/p>\n\n\n\n<p>Parfois, lorsque vous entrez dans un lieu, vous sentez qu\u2019il n\u2019est pas seulement compos\u00e9 de terre, de plantes ou de pierres. Le l\u00e9ger murmure du vent lorsqu\u2019il traverse les branches d\u2019un vieil arbre, cette odeur famili\u00e8re que la terre d\u00e9gage apr\u00e8s la pluie, ou encore le lent d\u00e9placement des ombres\u2026 Lorsque tous ces d\u00e9tails se rassemblent, vous remarquez que le lieu semble respirer silencieusement, et qu\u2019il vous murmure quelque chose dans sa propre langue.<\/p>\n\n\n\n<p>Ce murmure n\u2019est pas simplement une mani\u00e8re de romantiser la vie ; il est ce lien invisible entre le lieu et l\u2019\u00eatre humain, un lien qui remonte \u00e0 des milliers d\u2019ann\u00e9es. Dans l\u2019Antiquit\u00e9, les hommes se comportaient avec davantage de prudence lorsqu\u2019ils p\u00e9n\u00e9traient au c\u0153ur d\u2019une for\u00eat, lorsqu\u2019ils se reposaient au bord de l\u2019eau ou lorsqu\u2019ils donnaient le premier coup de pioche dans la terre. Pourquoi donc ? Parce qu\u2019ils croyaient que chaque lieu poss\u00e9dait un gardien silencieux, un caract\u00e8re qu\u2019il ne fallait pas effrayer, mais respecter.<\/p>\n\n\n\n<p>Pour eux, la nature n\u2019\u00e9tait pas une toile vide sur laquelle on pouvait construire, mais un \u00eatre vivant. Les Romains ont donn\u00e9 \u00e0 ce caract\u00e8re invisible, qui fait exister le lieu avec son eau, son vent et sa terre, un tr\u00e8s beau nom : <strong><em>Genius Loci.<\/em><\/strong> C\u2019est-\u00e0-dire \u00ab\u00a0<strong>l\u2019Esprit du Lieu\u00a0\u00bb.<\/strong><\/p>\n\n\n\n<h2 class=\"wp-block-heading\"><span class=\"ez-toc-section\" id=\"Un_Murmure_Venu_De_La_Mythologie\"><\/span><strong>Un Murmure Venu De La Mythologie<\/strong><span class=\"ez-toc-section-end\"><\/span><\/h2>\n\n\n<div class=\"wp-block-image\">\n<figure class=\"alignright size-full is-resized\"><img fetchpriority=\"high\" decoding=\"async\" width=\"298\" height=\"325\" src=\"https:\/\/www.peyzax.com\/wp-content\/uploads\/2026\/04\/genius1.gif\" alt=\"\" class=\"wp-image-75336\" style=\"aspect-ratio:0.9169711297370872;width:223px;height:auto\" title=\"\"><figcaption class=\"wp-element-caption\">Repr\u00e9sentation des Genii Loci ou des Lares<\/figcaption><\/figure>\n<\/div>\n\n\n<p>L\u2019origine \u00e9tymologique et mythologique du concept de <strong>\u201cGenius Loci\u201d<\/strong> remonte \u00e0 la mythologie romaine. Dans la croyance romaine, \u201cGenius Loci\u201d vient de l\u2019id\u00e9e que chaque lieu poss\u00e8de un esprit protecteur unique, et c\u2019est pourquoi il est g\u00e9n\u00e9ralement traduit par \u201cl\u2019esprit du lieu\u201d. Dans la mythologie romaine, ces esprits, protecteurs des maisons, des champs et des carrefours, connus aussi sous les noms de Genii Loci ou de Lares, occupaient une place dans la vie des hommes de l\u2019Antiquit\u00e9. Dans l\u2019<a href=\"https:\/\/tr.wikipedia.org\/wiki\/%C4%B0konografi\" data-type=\"link\" data-id=\"https:\/\/tr.wikipedia.org\/wiki\/%C4%B0konografi\" target=\"_blank\" rel=\"noreferrer noopener nofollow\">iconographie<\/a> romaine, ces esprits protecteurs \u00e9taient g\u00e9n\u00e9ralement repr\u00e9sent\u00e9s sous la forme de jeunes figures vivantes, tenant dans leurs mains un serpent symbole de fertilit\u00e9, une corne d\u2019abondance (cornucopia) et une coupe de libation. Pour les Romains, ces esprits n\u2019\u00e9taient pas les \u00e2mes de personnes d\u00e9funtes, mais directement les esprits de la nature elle-m\u00eame ; on croyait m\u00eame qu\u2019ils \u00e9taient plus anciens que le monde.<\/p>\n\n\n<div class=\"wp-block-image\">\n<figure class=\"alignleft size-full is-resized\"><img decoding=\"async\" width=\"1600\" height=\"1067\" src=\"https:\/\/www.peyzax.com\/wp-content\/uploads\/2026\/04\/pexels-snejina-nikolova-2775142-4316662-scaled.jpg\" alt=\"\" class=\"wp-image-75344\" style=\"aspect-ratio:1.4998097846762535;width:349px;height:auto\" title=\"\"><figcaption class=\"wp-element-caption\">Photo : Snejina&nbsp;NIkolova<\/figcaption><\/figure>\n<\/div>\n\n\n<p><strong>Dans l\u2019Antiquit\u00e9<\/strong>, les hommes pensaient qu\u2019une source d\u2019eau, une for\u00eat ou une r\u00e9gion habit\u00e9e n\u2019\u00e9taient pas seulement des espaces physiques, mais des lieux sacr\u00e9s prot\u00e9g\u00e9s par des gardiens surnaturels. Comme cons\u00e9quence de cette croyance, avant de toucher un lieu ou d\u2019y construire quoi que ce soit, il fallait apaiser cet <strong>\u00ab\u00a0esprit du lieu\u00a0\u00bb<\/strong>. Pour calmer l\u2019esprit du lieu et assurer la continuit\u00e9 de l\u2019abondance et de la fertilit\u00e9, on construisait des maisons des esprits ou des autels. On offrait \u00e0 ces esprits de la nourriture, de l\u2019encens, des fleurs, et on leur consacrait des v\u0153ux. Cette atmosph\u00e8re l\u00e9gendaire repr\u00e9sentait un lien spirituel et respectueux que les hommes \u00e9tablissaient pour se prot\u00e9ger de la puissance destructrice de la nature et pour apprivoiser le lieu.<\/p>\n\n\n\n<p>Selon les approches philosophiques et architecturales pr\u00e9sentes dans les sources, le lieu n\u2019est pas seulement une position physique. Il est un ph\u00e9nom\u00e8ne qualitatif et global, o\u00f9 les valeurs concr\u00e8tes et abstraites, les v\u00e9cus et les exp\u00e9riences s\u2019accumulent par couches. Selon Norberg-Schulz, l\u2019un des pionniers de la ph\u00e9nom\u00e9nologie architecturale, le <strong>\u00ab\u00a0genius loci\u00a0\u00bb<\/strong> exprime <em><strong>le caract\u00e8re, l\u2019atmosph\u00e8re unique et l\u2019identit\u00e9 d\u2019un lieu.<\/strong><\/em> Tout comme chaque lieu avait sa propre \u00e2me dans la croyance de la Rome antique, chaque espace poss\u00e8de aussi en architecture une identit\u00e9 vivante qui lui appartient. Chaque terre et chaque territoire ont une impulsion int\u00e9rieure, fa\u00e7onn\u00e9e selon leur \u00e9poque et leur nature, ainsi qu\u2019un caract\u00e8re qui d\u00e9termine ce qu\u2019ils veulent devenir.<\/p>\n\n\n\n<p>L\u2019effet th\u00e9rapeutique et r\u00e9parateur d\u2019un lieu sur la psychologie humaine se nourrit lui aussi pr\u00e9cis\u00e9ment de la juste lecture de ce caract\u00e8re int\u00e9rieur. Aujourd\u2019hui, le concept de <strong>genius loci<\/strong> est utilis\u00e9 non pas comme un esprit surnaturel, mais pour expliquer pourquoi un lieu nous para\u00eet particulier. Ce qui fait sortir un lieu de son statut de simple espace physique et le transforme en une pr\u00e9sence vivante, o\u00f9 les personnes ressentent appartenance, s\u00e9curit\u00e9 et paix, c\u2019est cette atmosph\u00e8re singuli\u00e8re qu\u2019il tisse avec la nature environnante, l\u2019architecture, les souvenirs et le tissu culturel. Ainsi, le lieu n\u2019est pas un objet mort ind\u00e9pendant de la perception humaine. Il est un caract\u00e8re qui interagit avec l\u2019homme et la nature, et qui respire avec <strong>\u201cl\u2019esprit du lieu\u201d<\/strong>.<\/p>\n\n\n\n<h2 class=\"wp-block-heading\"><span class=\"ez-toc-section\" id=\"Le_Conseil_Du_Poete_Un_Respect_Esthetique_De_Concepteur\"><\/span>Le Conseil Du Po\u00e8te : Un Respect Esth\u00e9tique De Concepteur<span class=\"ez-toc-section-end\"><\/span><\/h2>\n\n\n<div class=\"wp-block-image\">\n<figure class=\"alignright size-full is-resized\"><img decoding=\"async\" width=\"500\" height=\"621\" src=\"https:\/\/www.peyzax.com\/wp-content\/uploads\/2026\/04\/Alexander_Pope_by_Michael_Dahl.jpg\" alt=\"\" class=\"wp-image-75352\" style=\"aspect-ratio:0.805198396239458;width:206px;height:auto\" title=\"\"><figcaption class=\"wp-element-caption\"><strong>Alexander Pope <\/strong><br>Source : Wikipedia<\/figcaption><\/figure>\n<\/div>\n\n\n<p>Ce respect profond et mythologique que <strong>la Rome antique<\/strong> portait aux esprits protecteurs des lieux a cess\u00e9, au fil des si\u00e8cles, d\u2019\u00eatre seulement une croyance religieuse ou philosophique, pour devenir l\u2019un des principes fondamentaux de l\u2019architecture et du design paysager. L\u2019un des tournants les plus importants dans l\u2019int\u00e9gration de cette croyance l\u00e9gendaire \u00e0 la philosophie du design s\u2019est produit au XVIIIe si\u00e8cle. Le po\u00e8te anglais Alexander Pope, dans la partie <em>Epistle to Burlington<\/em> de son ouvrage <em>Moral Essays<\/em>, o\u00f9 il traite du paysage, de la conception des jardins et de l\u2019architecture, a r\u00e9sum\u00e9 la cl\u00e9 du bon go\u00fbt dans la conception d\u2019un lieu avec ce c\u00e9l\u00e8bre conseil : \u00ab\u00a0<strong><em>Consultez en toute chose l\u2019esprit du lieu<\/em><\/strong>\u00a0\u00bb <strong>(Consult the Genius of the Place in all).<\/strong><\/p>\n\n\n\n<p>Ce conseil intellectuel que Pope adressait aux architectes et aux concepteurs de jardins d\u00e9fendait l\u2019id\u00e9e qu\u2019au lieu d\u2019imposer \u00e0 un site des structures spectaculaires, artificielles et contraires \u00e0 sa nature, il fallait prendre pour guide le caract\u00e8re existant du lieu. Avec Alexander Pope, cela s\u2019est transform\u00e9, sur la table de dessin, en un respect esth\u00e9tique du concepteur envers l\u2019identit\u00e9 naturelle, la r\u00e9alit\u00e9 physique et le potentiel du site.<\/p>\n\n\n\n<p>Le plus grand changement du concept de <strong>\u00ab\u00a0genius loci\u00a0\u00bb<\/strong> est justement cette \u00e9volution du respect port\u00e9 aux esprits invisibles et \u00e0 la mythologie vers un respect pour la nature, la topographie et l\u2019\u00e9cologie existante. Dans l\u2019architecture et le design paysager contemporains, <strong><em>\u00ab\u00a0consulter l\u2019esprit du lieu\u00a0\u00bb<\/em><\/strong> ne signifie plus apaiser un gardien mythologique ; cela signifie plut\u00f4t comprendre le climat du lieu, sa structure g\u00e9ologique, sa v\u00e9g\u00e9tation, la direction de ses vents et sa topographie.<\/p>\n\n\n\n<p>L\u2019id\u00e9e selon laquelle un site doit \u00eatre lu et \u00e9cout\u00e9 avant le projet est la continuation d\u2019une mani\u00e8re de consid\u00e9rer le lieu non pas comme un objet mort, ind\u00e9pendant de la perception humaine, mais comme une entit\u00e9 dot\u00e9e de sa propre impulsion int\u00e9rieure et de son propre caract\u00e8re. Gr\u00e2ce \u00e0 cette vision que <strong>Alexander Pope <\/strong>a port\u00e9e dans le paysage et l\u2019architecture, le <strong>\u00ab\u00a0l\u2019esprit du lieu\u00a0\u00bb<\/strong> surnaturel de l\u2019Antiquit\u00e9 est devenu, dans le monde moderne, la base d\u2019une conscience environnementale durable, qui ne lutte pas contre la nature et la topographie, mais prot\u00e8ge l\u2019\u00e9cologie existante et s\u2019y adapte. Ainsi, l\u2019esprit protecteur des l\u00e9gendes a laiss\u00e9 sa place \u00e0 la terre et \u00e0 la nature elles-m\u00eames, devenant l\u2019un des plus grands guides des concepteurs.<\/p>\n\n\n\n<h2 class=\"wp-block-heading\"><span class=\"ez-toc-section\" id=\"Entendre_Les_Murmures_Du_Terrain\"><\/span>Entendre Les Murmures Du Terrain<span class=\"ez-toc-section-end\"><\/span><\/h2>\n\n\n\n<p>Lire l\u2019esprit d\u2019un lieu est l\u2019une des \u00e9tapes les plus critiques et les plus intuitives de l\u2019architecture et de la conception environnementale. Pour un concepteur, le site n\u2019est pas un vide mort sur lequel on tracerait des lignes au hasard depuis un bureau, ni une feuille blanche (tabula rasa) ; il est un \u00eatre vivant qui raconte sa propre histoire, avec son pass\u00e9 et son caract\u00e8re. Selon le c\u00e9l\u00e8bre architecte Renzo Piano, puisque chaque lieu est unique, il est essentiel, avant de commencer un projet, de savoir <strong><em>\u00ab\u00a0comment \u00e9couter le lieu\u00a0\u00bb<\/em><\/strong> ; entendre les voix fines et silencieuses que le lieu murmure exige d\u2019en saisir l\u2019essence.<\/p>\n\n\n<div class=\"wp-block-image\">\n<figure class=\"alignright size-full is-resized\"><img loading=\"lazy\" decoding=\"async\" width=\"1600\" height=\"1067\" src=\"https:\/\/www.peyzax.com\/wp-content\/uploads\/2026\/04\/pexels-alexjo-877379-5548209-scaled.jpg\" alt=\"\" class=\"wp-image-75361\" style=\"aspect-ratio:1.499806326662363;width:416px;height:auto\" title=\"\"><figcaption class=\"wp-element-caption\">Photo : Alexjo<\/figcaption><\/figure>\n<\/div>\n\n\n<p>Alors, comment un concepteur lit-il cet esprit lorsqu\u2019il pose le pied sur le terrain ? La perception du lieu n\u2019est pas seulement un processus visuel limit\u00e9 \u00e0 ce que l\u2019\u0153il voit ; c\u2019est une orientation <strong>multisensorielle (multi-sensory)<\/strong> qui se d\u00e9veloppe \u00e0 travers tous les organes des sens. Le concepteur ressent et analyse les donn\u00e9es offertes par le site en deux grandes couches : les contextes naturel et humain :<\/p>\n\n\n\n<ul class=\"wp-block-list\">\n<li><strong>\u00c9couter Le Contexte Naturel :<\/strong> Sur le terrain, la direction et le souffle du vent, le mouvement du soleil au cours de la journ\u00e9e, les pentes topographiques, la structure du sol, la temp\u00e9rature et la texture de la v\u00e9g\u00e9tation locale constituent l\u2019infrastructure physique de l\u2019esprit du lieu. Lorsqu\u2019un concepteur se rend sur un site, il ne se contente pas de regarder ; il sent, sous la plante de ses pieds, la douceur ou la duret\u00e9 de la surface sur laquelle il marche, et per\u00e7oit les odeurs locales de fleurs ou de terre port\u00e9es par le vent. Ces murmures, qui aident le lieu \u00e0 devenir singulier, montrent au concepteur comment la lumi\u00e8re et l\u2019air peuvent s\u2019int\u00e9grer \u00e0 la structure.<\/li>\n\n\n\n<li><strong>Ressentir La M\u00e9moire Culturelle Et Le V\u00e9cu :<\/strong> L\u2019esprit du lieu ne se nourrit pas seulement de la nature, mais aussi de la m\u00e9moire culturelle et de la m\u00e9moire collective accumul\u00e9es par l\u2019interaction entre l\u2019homme, l\u2019environnement et le temps dans cette r\u00e9gion. Le concepteur doit ressentir les traces historiques visibles ou invisibles pr\u00e9sentes sur le site, le langage architectural traditionnel de la r\u00e9gion, ses rituels et ses v\u00e9cus socioculturels.<\/li>\n<\/ul>\n\n\n\n<p>Un bon design, sensible \u00e0 l\u2019environnement, ne se forme pas dans un bureau, avec des mod\u00e8les standard d\u00e9tach\u00e9s du contexte, ni sur une feuille blanche. Au contraire, il prend corps en \u00e9coutant ce que le terrain murmure et en \u00e9tablissant un dialogue avec lui. Une architecture de qualit\u00e9, o\u00f9 le naturel et l\u2019artificiel se rencontrent, ne peut se fa\u00e7onner qu\u2019en prenant pour r\u00e9f\u00e9rences l\u2019\u00e9cologie de la r\u00e9gion, son vent, son soleil et sa topographie.<\/p>\n\n\n\n<h2 class=\"wp-block-heading\"><span class=\"ez-toc-section\" id=\"Les_Villes_Dont_LAme_A_Ete_Tuee_Et_La_Resistance_Du_Contexte\"><\/span>Les Villes Dont L\u2019\u00c2me A \u00c9t\u00e9 Tu\u00e9e Et La R\u00e9sistance Du Contexte<span class=\"ez-toc-section-end\"><\/span><\/h2>\n\n\n<div class=\"wp-block-image\">\n<figure class=\"alignright size-full is-resized\"><img loading=\"lazy\" decoding=\"async\" width=\"1300\" height=\"975\" src=\"https:\/\/www.peyzax.com\/wp-content\/uploads\/2026\/04\/pexels-moepoofles-3632554-scaled.jpg\" alt=\"\" class=\"wp-image-75371\" style=\"width:402px;height:auto\" title=\"\"><figcaption class=\"wp-element-caption\">Photo : Moepo Ofles<\/figcaption><\/figure>\n<\/div>\n\n\n<p>Les changements profonds provoqu\u00e9s par la mondialisation, l\u2019urbanisation rapide et l\u2019industrialisation ont fortement affect\u00e9 les villes et les lieux ; ils ont entra\u00een\u00e9 l\u2019apparition de structures sans \u00e2me et anonymes, sans aucun lien avec le pass\u00e9 du lieu. Imposer de force \u00e0 un site des mod\u00e8les copi\u00e9s-coll\u00e9s, simplement parce qu\u2019ils sont populaires ou conformes aux standards de la production mondiale en s\u00e9rie, alors qu\u2019ils sont totalement contraires au climat, \u00e0 la structure g\u00e9ographique et \u00e0 l\u2019\u00e9cologie de ce territoire, d\u00e9truit l\u2019identit\u00e9 unique du lieu en ignorant la topographie et le tissu local. \u00c0 la suite de ces pratiques urbaines toutes faites, apparaissent des espaces sans \u00e2me, enti\u00e8rement coup\u00e9s des v\u00e9cus du lieu, ayant perdu le sentiment d\u2019appartenance et d\u00e9pourvus de toute qualit\u00e9 distinctive. Cette approche, qui consid\u00e8re la nature seulement comme une ressource mat\u00e9rielle et un arri\u00e8re-plan \u00e0 consommer pour r\u00e9aliser les id\u00e9aux humains, tue presque l\u2019esprit du lieu parce qu\u2019elle se ferme aux murmures du terrain.<\/p>\n\n\n\n<p>Cependant, face \u00e0 ce danger d\u2019uniformisation, une r\u00e9sistance silencieuse mais puissante est aussi possible : celle qui s\u2019attache aux murmures de la nature et du local. \u00c0 l\u2019inverse, les projets qui respectent l\u2019existence du site et s\u2019int\u00e8grent \u00e0 <strong>\u00ab\u00a0l\u2019esprit du lieu\u00a0\u00bb<\/strong> placent le contexte et l\u2019\u00e9cologie au premier plan. Au lieu d\u2019aplanir la topographie et d\u2019effacer le contexte, les conceptions qui pr\u00e9servent les roches existantes, le sol local, le climat et les mat\u00e9riaux adapt\u00e9s \u00e0 la nature de la r\u00e9gion maintiennent vivantes la m\u00e9moire et la spiritualit\u00e9 du lieu.<\/p>\n\n\n\n<p>Il ne faut pas oublier que les lieux ne sont pas constitu\u00e9s uniquement d\u2019\u00e9l\u00e9ments physiques ; ils portent une m\u00e9moire collective accumul\u00e9e par l\u2019interaction homme-environnement-temps, ainsi qu\u2019un <strong>\u00ab\u00a0esprit du lieu\u00a0\u00bb (sense of place)<\/strong> immat\u00e9riel. Pourtant, les conceptions uniformisantes, \u00ab\u00a0copier-coller\u00a0\u00bb et d\u00e9tach\u00e9es du contexte, apport\u00e9es par la mondialisation, voient le lieu comme une machine ou une toile vide et tuent impitoyablement son esprit authentique et sa continuit\u00e9 culturelle. Les lieux r\u00e9ussis qui s\u2019int\u00e8grent \u00e0 leur esprit, en revanche, reconnaissent que chaque lieu poss\u00e8de un caract\u00e8re unique et r\u00e9sistent aux recettes standardis\u00e9es en respectant les dynamiques propres de la nature, son vent, sa topographie et son tissu local.<\/p>\n\n\n\n<h2 class=\"wp-block-heading\"><span class=\"ez-toc-section\" id=\"Ecoutez_LEsprit_De_Votre_Propre_Environnement\"><\/span>\u00c9coutez L\u2019Esprit De Votre Propre Environnement<span class=\"ez-toc-section-end\"><\/span><\/h2>\n\n\n<div class=\"wp-block-image\">\n<figure class=\"alignleft size-full is-resized\"><img loading=\"lazy\" decoding=\"async\" width=\"667\" height=\"1000\" src=\"https:\/\/www.peyzax.com\/wp-content\/uploads\/2026\/04\/pexels-suedadilli-37189793-scaled.jpg\" alt=\"\" class=\"wp-image-75379\" style=\"aspect-ratio:0.6668055844967702;width:217px;height:auto\" title=\"\"><figcaption class=\"wp-element-caption\">Photo : Sueda Dilli<\/figcaption><\/figure>\n<\/div>\n\n\n<p><strong>\u00ab\u00a0Genius loci\u00a0\u00bb (l\u2019esprit du lieu),<\/strong> n\u2019est pas un concept th\u00e9orique rest\u00e9 seulement dans les l\u00e9gendes de <strong>la Rome antique<\/strong> ou discut\u00e9 uniquement sur les tables \u00e0 dessin des grands architectes. Aujourd\u2019hui, ce concept est une r\u00e9alit\u00e9 qui touche directement notre vie quotidienne et explique pourquoi les rues que nous parcourons, les parcs o\u00f9 nous nous reposons et la ville o\u00f9 nous vivons nous semblent particuliers.<\/p>\n\n\n<div class=\"wp-block-image\">\n<figure class=\"alignright size-full is-resized\"><img loading=\"lazy\" decoding=\"async\" width=\"667\" height=\"1000\" src=\"https:\/\/www.peyzax.com\/wp-content\/uploads\/2026\/04\/pexels-d-ng-nhan-324384-15707629-scaled.jpg\" alt=\"\" class=\"wp-image-75387\" style=\"aspect-ratio:0.6668055844967702;width:217px;height:auto\" title=\"\"><figcaption class=\"wp-element-caption\">Photo : D\u01b0\u01a1ng&nbsp;Nh\u00e2n<\/figcaption><\/figure>\n<\/div>\n\n\n<p>La chose la plus importante \u00e0 faire pour percevoir l\u2019esprit de notre propre environnement est de ralentir et de pr\u00eater l\u2019oreille \u00e0 la m\u00e9moire collective que le lieu nous offre. Comme l\u2019a exprim\u00e9 le c\u00e9l\u00e8bre architecte Aldo Rossi, <strong><em>\u00ab\u00a0la ville elle-m\u00eame est la m\u00e9moire collective de ceux qui y vivent\u00a0\u00bb<\/em><\/strong>, et l\u2019identit\u00e9 du lieu na\u00eet de l\u2019accumulation des souvenirs des citadins. L\u2019ombre d\u2019un arbre centenaire sous lequel vous passez en allant au travail, une brise apportant l\u2019odeur de la mer, une rue o\u00f9 r\u00e9sonne votre enfance, ou votre coin favori qui vous donne un sentiment d\u2019appartenance et de s\u00e9curit\u00e9. En r\u00e9alit\u00e9, tout cela est une \u00e2me vivante qui interagit avec vous. Comme l\u2019exprime aussi le po\u00e8te Konstantinos Kavafis dans ses vers, <strong><em>o\u00f9 que l\u2019homme aille, les v\u00e9cus et l\u2019esprit de cette ville viendront toujours avec lui.<\/em><\/strong><\/p>\n\n\n\n<p><em><strong>Car nous ne sommes pas seulement les spectateurs de ces paysages que nous concevons, photographions et habitons ; nous en sommes une partie ins\u00e9parable.<\/strong><\/em> En bref, l\u2019environnement dans lequel nous vivons n\u2019est pas seulement une coordonn\u00e9e physique sur une carte. C\u2019est un \u00eatre vivant fa\u00e7onn\u00e9 par nos \u00e9motions, notre pass\u00e9 et les murmures de la nature. Tant que les \u00eatres humains continueront \u00e0 chercher des lieux o\u00f9 ils se sentent en s\u00e9curit\u00e9, appartenants et apais\u00e9s, ce gardien invisible continuera \u00e0 vivre dans nos sensations. Alors, la prochaine fois que vous franchirez votre porte, ne regardez pas simplement autour de vous avec un \u0153il ordinaire ; sentez le contact du vent sur votre peau, le pass\u00e9 sous la terre ou l\u2019asphalte, ce lien invisible que le lieu \u00e9tablit avec vous, et \u00e9coutez l\u2019esprit de votre propre environnement.<\/p>\n","protected":false},"excerpt":{"rendered":"<p>Alors que le temps commence doucement \u00e0 se r\u00e9chauffer, nous traversons ces jours o\u00f9 l\u2019on sent d\u00e9j\u00e0 la douce agitation du printemps. Avec ce fr\u00e9missement&#46;&#46;&#46;<\/p>\n","protected":false},"author":692,"featured_media":75331,"comment_status":"open","ping_status":"open","sticky":false,"template":"","format":"standard","meta":{"footnotes":"","_wp_rev_ctl_limit":""},"categories":[5358],"tags":[],"class_list":["post-76775","post","type-post","status-publish","format-standard","has-post-thumbnail","hentry","category-non-classifiee"],"_links":{"self":[{"href":"https:\/\/www.peyzax.com\/fr\/wp-json\/wp\/v2\/posts\/76775","targetHints":{"allow":["GET"]}}],"collection":[{"href":"https:\/\/www.peyzax.com\/fr\/wp-json\/wp\/v2\/posts"}],"about":[{"href":"https:\/\/www.peyzax.com\/fr\/wp-json\/wp\/v2\/types\/post"}],"author":[{"embeddable":true,"href":"https:\/\/www.peyzax.com\/fr\/wp-json\/wp\/v2\/users\/692"}],"replies":[{"embeddable":true,"href":"https:\/\/www.peyzax.com\/fr\/wp-json\/wp\/v2\/comments?post=76775"}],"version-history":[{"count":1,"href":"https:\/\/www.peyzax.com\/fr\/wp-json\/wp\/v2\/posts\/76775\/revisions"}],"predecessor-version":[{"id":77679,"href":"https:\/\/www.peyzax.com\/fr\/wp-json\/wp\/v2\/posts\/76775\/revisions\/77679"}],"wp:featuredmedia":[{"embeddable":true,"href":"https:\/\/www.peyzax.com\/fr\/wp-json\/wp\/v2\/media\/75331"}],"wp:attachment":[{"href":"https:\/\/www.peyzax.com\/fr\/wp-json\/wp\/v2\/media?parent=76775"}],"wp:term":[{"taxonomy":"category","embeddable":true,"href":"https:\/\/www.peyzax.com\/fr\/wp-json\/wp\/v2\/categories?post=76775"},{"taxonomy":"post_tag","embeddable":true,"href":"https:\/\/www.peyzax.com\/fr\/wp-json\/wp\/v2\/tags?post=76775"}],"curies":[{"name":"wp","href":"https:\/\/api.w.org\/{rel}","templated":true}]}}