{"id":72182,"date":"2026-02-21T16:43:25","date_gmt":"2026-02-21T13:43:25","guid":{"rendered":"https:\/\/www.peyzax.com\/?p=72182"},"modified":"2026-03-18T00:52:47","modified_gmt":"2026-03-17T21:52:47","slug":"arvores-para-jardim-de-villa-21-especies-com-fotos-e-guia-de-uso-no-jardim","status":"publish","type":"post","link":"https:\/\/www.peyzax.com\/pt-br\/arvores-para-jardim-de-villa-21-especies-com-fotos-e-guia-de-uso-no-jardim\/","title":{"rendered":"\u00c1rvores para Jardim de Villa: 21 Esp\u00e9cies com Fotos e Guia de Uso no Jardim"},"content":{"rendered":"<div id=\"ez-toc-container\" class=\"ez-toc-v2_0_82_2 counter-hierarchy ez-toc-counter ez-toc-custom ez-toc-container-direction\">\n<p class=\"ez-toc-title\" style=\"cursor:inherit\">H\u0131zl\u0131 Git<\/p>\n<label for=\"ez-toc-cssicon-toggle-item-69f2b03b28fa0\" class=\"ez-toc-cssicon-toggle-label\"><span class=\"\"><span class=\"eztoc-hide\" style=\"display:none;\">Toggle<\/span><span class=\"ez-toc-icon-toggle-span\"><svg style=\"fill: #ffffff;color:#ffffff\" xmlns=\"http:\/\/www.w3.org\/2000\/svg\" class=\"list-377408\" width=\"20px\" height=\"20px\" viewBox=\"0 0 24 24\" fill=\"none\"><path d=\"M6 6H4v2h2V6zm14 0H8v2h12V6zM4 11h2v2H4v-2zm16 0H8v2h12v-2zM4 16h2v2H4v-2zm16 0H8v2h12v-2z\" fill=\"currentColor\"><\/path><\/svg><svg style=\"fill: #ffffff;color:#ffffff\" class=\"arrow-unsorted-368013\" xmlns=\"http:\/\/www.w3.org\/2000\/svg\" width=\"10px\" height=\"10px\" viewBox=\"0 0 24 24\" version=\"1.2\" baseProfile=\"tiny\"><path d=\"M18.2 9.3l-6.2-6.3-6.2 6.3c-.2.2-.3.4-.3.7s.1.5.3.7c.2.2.4.3.7.3h11c.3 0 .5-.1.7-.3.2-.2.3-.5.3-.7s-.1-.5-.3-.7zM5.8 14.7l6.2 6.3 6.2-6.3c.2-.2.3-.5.3-.7s-.1-.5-.3-.7c-.2-.2-.4-.3-.7-.3h-11c-.3 0-.5.1-.7.3-.2.2-.3.5-.3.7s.1.5.3.7z\"\/><\/svg><\/span><\/span><\/label><input type=\"checkbox\"  id=\"ez-toc-cssicon-toggle-item-69f2b03b28fa0\" checked aria-label=\"Alternar\" \/><nav><ul class='ez-toc-list ez-toc-list-level-1 ' ><li class='ez-toc-page-1 ez-toc-heading-level-2'><a class=\"ez-toc-link ez-toc-heading-1\" href=\"https:\/\/www.peyzax.com\/pt-br\/arvores-para-jardim-de-villa-21-especies-com-fotos-e-guia-de-uso-no-jardim\/#Escolha_de_arvores_no_jardim_da_villa_7_criterios_fundamentais\" >Escolha de \u00e1rvores no jardim da villa: 7 crit\u00e9rios fundamentais<\/a><\/li><li class='ez-toc-page-1 ez-toc-heading-level-2'><a class=\"ez-toc-link ez-toc-heading-2\" href=\"https:\/\/www.peyzax.com\/pt-br\/arvores-para-jardim-de-villa-21-especies-com-fotos-e-guia-de-uso-no-jardim\/#Matriz_rapida_de_decisao_de_que_tipo_o_seu_jardim_mais_se_aproxima\" >Matriz r\u00e1pida de decis\u00e3o: de que tipo o seu jardim mais se aproxima?<\/a><\/li><li class='ez-toc-page-1 ez-toc-heading-level-2'><a class=\"ez-toc-link ez-toc-heading-3\" href=\"https:\/\/www.peyzax.com\/pt-br\/arvores-para-jardim-de-villa-21-especies-com-fotos-e-guia-de-uso-no-jardim\/#Arvores_para_jardim_de_villa_21_sugestoes_e_seus_motivos\" >\u00c1rvores para jardim de villa: 21 sugest\u00f5es e seus motivos<\/a><ul class='ez-toc-list-level-3' ><li class='ez-toc-heading-level-3'><a class=\"ez-toc-link ez-toc-heading-4\" href=\"https:\/\/www.peyzax.com\/pt-br\/arvores-para-jardim-de-villa-21-especies-com-fotos-e-guia-de-uso-no-jardim\/#1_Cipreste-do-Mediterraneo_Cupressus_sempervirens\" >1) Cipreste-do-Mediterr\u00e2neo (Cupressus sempervirens)<\/a><\/li><li class='ez-toc-page-1 ez-toc-heading-level-3'><a class=\"ez-toc-link ez-toc-heading-5\" href=\"https:\/\/www.peyzax.com\/pt-br\/arvores-para-jardim-de-villa-21-especies-com-fotos-e-guia-de-uso-no-jardim\/#2_Azinheira_Quercus_ilex\" >2) Azinheira (Quercus ilex)<\/a><\/li><li class='ez-toc-page-1 ez-toc-heading-level-3'><a class=\"ez-toc-link ez-toc-heading-6\" href=\"https:\/\/www.peyzax.com\/pt-br\/arvores-para-jardim-de-villa-21-especies-com-fotos-e-guia-de-uso-no-jardim\/#3_Pinheiro-manso_Pinus_pinea\" >3) Pinheiro-manso (Pinus pinea)<\/a><\/li><li class='ez-toc-page-1 ez-toc-heading-level-3'><a class=\"ez-toc-link ez-toc-heading-7\" href=\"https:\/\/www.peyzax.com\/pt-br\/arvores-para-jardim-de-villa-21-especies-com-fotos-e-guia-de-uso-no-jardim\/#4_Cipreste-azul_ou_formas_de_zimbro_cultivares_de_Cupressus_e_Juniperus\" >4) Cipreste-azul ou formas de zimbro (cultivares de Cupressus e Juniperus)<\/a><\/li><li class='ez-toc-page-1 ez-toc-heading-level-3'><a class=\"ez-toc-link ez-toc-heading-8\" href=\"https:\/\/www.peyzax.com\/pt-br\/arvores-para-jardim-de-villa-21-especies-com-fotos-e-guia-de-uso-no-jardim\/#5_Arvore-da-chuva-dourada_Koelreuteria_paniculata\" >5) \u00c1rvore-da-chuva-dourada (Koelreuteria paniculata)<\/a><\/li><li class='ez-toc-page-1 ez-toc-heading-level-3'><a class=\"ez-toc-link ez-toc-heading-9\" href=\"https:\/\/www.peyzax.com\/pt-br\/arvores-para-jardim-de-villa-21-especies-com-fotos-e-guia-de-uso-no-jardim\/#6_Acer-do-Japao_Acer_palmatum\" >6) Acer-do-Jap\u00e3o (Acer palmatum)<\/a><\/li><li class='ez-toc-page-1 ez-toc-heading-level-3'><a class=\"ez-toc-link ez-toc-heading-10\" href=\"https:\/\/www.peyzax.com\/pt-br\/arvores-para-jardim-de-villa-21-especies-com-fotos-e-guia-de-uso-no-jardim\/#7_Arvore-de-Judas_Cercis_siliquastrum\" >7) \u00c1rvore-de-Judas (Cercis siliquastrum)<\/a><\/li><li class='ez-toc-page-1 ez-toc-heading-level-3'><a class=\"ez-toc-link ez-toc-heading-11\" href=\"https:\/\/www.peyzax.com\/pt-br\/arvores-para-jardim-de-villa-21-especies-com-fotos-e-guia-de-uso-no-jardim\/#8_Cerejeira_ornamental_Prunus_serrulata_e_semelhantes\" >8) Cerejeira ornamental (Prunus serrulata e semelhantes)<\/a><\/li><li class='ez-toc-page-1 ez-toc-heading-level-3'><a class=\"ez-toc-link ez-toc-heading-12\" href=\"https:\/\/www.peyzax.com\/pt-br\/arvores-para-jardim-de-villa-21-especies-com-fotos-e-guia-de-uso-no-jardim\/#9_Reseda_Extremosa_Lagerstroemia_indica\" >9) Resed\u00e1 \/ Extremosa (Lagerstroemia indica)<\/a><\/li><li class='ez-toc-page-1 ez-toc-heading-level-3'><a class=\"ez-toc-link ez-toc-heading-13\" href=\"https:\/\/www.peyzax.com\/pt-br\/arvores-para-jardim-de-villa-21-especies-com-fotos-e-guia-de-uso-no-jardim\/#10_Magnolia_Magnolia_grandiflora\" >10) Magn\u00f3lia (Magnolia grandiflora)<\/a><\/li><li class='ez-toc-page-1 ez-toc-heading-level-3'><a class=\"ez-toc-link ez-toc-heading-14\" href=\"https:\/\/www.peyzax.com\/pt-br\/arvores-para-jardim-de-villa-21-especies-com-fotos-e-guia-de-uso-no-jardim\/#11_Tilia_especies_de_Tilia\" >11) T\u00edlia (esp\u00e9cies de Tilia)<\/a><\/li><li class='ez-toc-page-1 ez-toc-heading-level-3'><a class=\"ez-toc-link ez-toc-heading-15\" href=\"https:\/\/www.peyzax.com\/pt-br\/arvores-para-jardim-de-villa-21-especies-com-fotos-e-guia-de-uso-no-jardim\/#12_Freixo_especies_de_Fraxinus\" >12) Freixo (esp\u00e9cies de Fraxinus)<\/a><\/li><li class='ez-toc-page-1 ez-toc-heading-level-3'><a class=\"ez-toc-link ez-toc-heading-16\" href=\"https:\/\/www.peyzax.com\/pt-br\/arvores-para-jardim-de-villa-21-especies-com-fotos-e-guia-de-uso-no-jardim\/#13_Pereira_ornamental_cultivares_de_Pyrus_calleryana\" >13) Pereira ornamental (cultivares de Pyrus calleryana)<\/a><\/li><li class='ez-toc-page-1 ez-toc-heading-level-3'><a class=\"ez-toc-link ez-toc-heading-17\" href=\"https:\/\/www.peyzax.com\/pt-br\/arvores-para-jardim-de-villa-21-especies-com-fotos-e-guia-de-uso-no-jardim\/#14_Oliveira_Olea_europaea\" >14) Oliveira (Olea europaea)<\/a><\/li><li class='ez-toc-page-1 ez-toc-heading-level-3'><a class=\"ez-toc-link ez-toc-heading-18\" href=\"https:\/\/www.peyzax.com\/pt-br\/arvores-para-jardim-de-villa-21-especies-com-fotos-e-guia-de-uso-no-jardim\/#15_Romazeira_Punica_granatum\" >15) Rom\u00e3zeira (Punica granatum)<\/a><\/li><li class='ez-toc-page-1 ez-toc-heading-level-3'><a class=\"ez-toc-link ez-toc-heading-19\" href=\"https:\/\/www.peyzax.com\/pt-br\/arvores-para-jardim-de-villa-21-especies-com-fotos-e-guia-de-uso-no-jardim\/#16_Macieira_Malus_domestica\" >16) Macieira (Malus domestica)<\/a><\/li><li class='ez-toc-page-1 ez-toc-heading-level-3'><a class=\"ez-toc-link ez-toc-heading-20\" href=\"https:\/\/www.peyzax.com\/pt-br\/arvores-para-jardim-de-villa-21-especies-com-fotos-e-guia-de-uso-no-jardim\/#17_Pereira_Pyrus_communis\" >17) Pereira (Pyrus communis)<\/a><\/li><li class='ez-toc-page-1 ez-toc-heading-level-3'><a class=\"ez-toc-link ez-toc-heading-21\" href=\"https:\/\/www.peyzax.com\/pt-br\/arvores-para-jardim-de-villa-21-especies-com-fotos-e-guia-de-uso-no-jardim\/#18_Cerejeira_ou_ginjeira_Prunus_avium_e_Prunus_cerasus\" >18) Cerejeira ou ginjeira (Prunus avium e Prunus cerasus)<\/a><\/li><li class='ez-toc-page-1 ez-toc-heading-level-3'><a class=\"ez-toc-link ez-toc-heading-22\" href=\"https:\/\/www.peyzax.com\/pt-br\/arvores-para-jardim-de-villa-21-especies-com-fotos-e-guia-de-uso-no-jardim\/#19_Nogueira_Juglans_regia\" >19) Nogueira (Juglans regia)<\/a><\/li><li class='ez-toc-page-1 ez-toc-heading-level-3'><a class=\"ez-toc-link ez-toc-heading-23\" href=\"https:\/\/www.peyzax.com\/pt-br\/arvores-para-jardim-de-villa-21-especies-com-fotos-e-guia-de-uso-no-jardim\/#20_Betula_Betula_pendula\" >20) B\u00e9tula (Betula pendula)<\/a><\/li><li class='ez-toc-page-1 ez-toc-heading-level-3'><a class=\"ez-toc-link ez-toc-heading-24\" href=\"https:\/\/www.peyzax.com\/pt-br\/arvores-para-jardim-de-villa-21-especies-com-fotos-e-guia-de-uso-no-jardim\/#21_Laricio-siberiano_ou_especies_adequadas_de_abeto\" >21) Lar\u00edcio-siberiano ou esp\u00e9cies adequadas de abeto<\/a><\/li><\/ul><\/li><li class='ez-toc-page-1 ez-toc-heading-level-2'><a class=\"ez-toc-link ez-toc-heading-25\" href=\"https:\/\/www.peyzax.com\/pt-br\/arvores-para-jardim-de-villa-21-especies-com-fotos-e-guia-de-uso-no-jardim\/#Plantio_disposicao_e_manutencao_etapas_praticas_de_aplicacao\" >Plantio, disposi\u00e7\u00e3o e manuten\u00e7\u00e3o: etapas pr\u00e1ticas de aplica\u00e7\u00e3o<\/a><\/li><li class='ez-toc-page-1 ez-toc-heading-level-2'><a class=\"ez-toc-link ez-toc-heading-26\" href=\"https:\/\/www.peyzax.com\/pt-br\/arvores-para-jardim-de-villa-21-especies-com-fotos-e-guia-de-uso-no-jardim\/#Erros_mais_comuns\" >Erros mais comuns<\/a><\/li><li class='ez-toc-page-1 ez-toc-heading-level-2'><a class=\"ez-toc-link ez-toc-heading-27\" href=\"https:\/\/www.peyzax.com\/pt-br\/arvores-para-jardim-de-villa-21-especies-com-fotos-e-guia-de-uso-no-jardim\/#Por_fim_tabela_comparativa_das_especies\" >Por fim: tabela comparativa das esp\u00e9cies<\/a><\/li><li class='ez-toc-page-1 ez-toc-heading-level-2'><a class=\"ez-toc-link ez-toc-heading-28\" href=\"https:\/\/www.peyzax.com\/pt-br\/arvores-para-jardim-de-villa-21-especies-com-fotos-e-guia-de-uso-no-jardim\/#Perguntas_frequentes\" >Perguntas frequentes<\/a><ul class='ez-toc-list-level-3' ><li class='ez-toc-heading-level-3'><a class=\"ez-toc-link ez-toc-heading-29\" href=\"https:\/\/www.peyzax.com\/pt-br\/arvores-para-jardim-de-villa-21-especies-com-fotos-e-guia-de-uso-no-jardim\/#Quais_arvores_criam_privacidade_mais_rapidamente_em_um_jardim_de_villa\" >Quais \u00e1rvores criam privacidade mais rapidamente em um jardim de villa?<\/a><\/li><li class='ez-toc-page-1 ez-toc-heading-level-3'><a class=\"ez-toc-link ez-toc-heading-30\" href=\"https:\/\/www.peyzax.com\/pt-br\/arvores-para-jardim-de-villa-21-especies-com-fotos-e-guia-de-uso-no-jardim\/#Quais_arvores_para_jardim_de_villa_exigem_pouca_manutencao\" >Quais \u00e1rvores para jardim de villa exigem pouca manuten\u00e7\u00e3o?<\/a><\/li><li class='ez-toc-page-1 ez-toc-heading-level-3'><a class=\"ez-toc-link ez-toc-heading-31\" href=\"https:\/\/www.peyzax.com\/pt-br\/arvores-para-jardim-de-villa-21-especies-com-fotos-e-guia-de-uso-no-jardim\/#Como_escolher_uma_arvore_adequada_para_areas_pequenas_em_um_jardim_de_villa\" >Como escolher uma \u00e1rvore adequada para \u00e1reas pequenas em um jardim de villa?<\/a><\/li><li class='ez-toc-page-1 ez-toc-heading-level-3'><a class=\"ez-toc-link ez-toc-heading-32\" href=\"https:\/\/www.peyzax.com\/pt-br\/arvores-para-jardim-de-villa-21-especies-com-fotos-e-guia-de-uso-no-jardim\/#Arvores_frutiferas_combinam_com_jardim_de_villa\" >\u00c1rvores frut\u00edferas combinam com jardim de villa?<\/a><\/li><li class='ez-toc-page-1 ez-toc-heading-level-3'><a class=\"ez-toc-link ez-toc-heading-33\" href=\"https:\/\/www.peyzax.com\/pt-br\/arvores-para-jardim-de-villa-21-especies-com-fotos-e-guia-de-uso-no-jardim\/#Por_que_em_algumas_arvores_ornamentais_aparece_a_observacao_%E2%80%9Cverifique%E2%80%9D\" >Por que em algumas \u00e1rvores ornamentais aparece a observa\u00e7\u00e3o \u201cverifique\u201d?<\/a><\/li><\/ul><\/li><\/ul><\/nav><\/div>\n\n<p>O que realmente torna as villas magn\u00edficas bonitas \u00e9, antes de tudo, o seu paisagismo. As pessoas tamb\u00e9m querem viver em uma villa ou em uma casa independente para poder passar tempo no jardim. Ent\u00e3o, quais \u00e1rvores s\u00e3o mais indicadas para jardins de villa? Que efeito cada tipo de \u00e1rvore produz? Quais esp\u00e9cies costumamos usar com mais frequ\u00eancia? Preparamos para voc\u00ea um texto que pode servir como guia sobre esse assunto.<\/p>\n\n\n\n<p>As \u00e1rvores para jardim de villa n\u00e3o significam apenas alinhar esp\u00e9cies \u201cbonitas\u201d lado a lado. A \u00e1rvore funciona como um elemento estrutural que define o conforto espacial da villa: no ver\u00e3o produz sombra, no inverno corta o vento, garante privacidade, melhora a qualidade do ar, espalha perfumes agrad\u00e1veis&#8230; A \u00e1rvore transforma a casa em lar, faz a gente se sentir pertencente \u00e0quele lugar. Quando a esp\u00e9cie certa \u00e9 colocada no lugar certo, o jardim se torna mais calmo, mais organizado e mais habit\u00e1vel.<\/p>\n\n\n\n<p>Neste guia, selecionei e listei as esp\u00e9cies que mais costumam gerar bons resultados em jardins de villa na Turquia, organizando-as de acordo com seus cen\u00e1rios de uso. Para cada \u00e1rvore, mantive a parte do \u201cpor que ela pode ser escolhida\u201d especialmente clara, porque isso costuma ser o que mais se precisa no campo: conseguir decidir r\u00e1pido e, em seguida, estabelecer a rotina correta de plantio e manuten\u00e7\u00e3o. Voc\u00ea pode tomar decis\u00f5es sobre suas \u00e1rvores de jardim de villa com base neste guia, mas ainda assim meu conselho \u00e9 deixar o projeto paisag\u00edstico do seu jardim nas m\u00e3os de um arquiteto paisagista de confian\u00e7a. Porque ler o futuro do paisagismo de um jardim costuma ser um trabalho dif\u00edcil e, em muitos casos, exige forma\u00e7\u00e3o profissional.<\/p>\n\n\n\n<h2 class=\"wp-block-heading\"><span class=\"ez-toc-section\" id=\"Escolha_de_arvores_no_jardim_da_villa_7_criterios_fundamentais\"><\/span>Escolha de \u00e1rvores no jardim da villa: 7 crit\u00e9rios fundamentais<span class=\"ez-toc-section-end\"><\/span><\/h2>\n\n\n\n<p><strong>O primeiro crit\u00e9rio<\/strong> \u00e9 o clima e o microclima. <strong>Nem toda \u00e1rvore cresce em qualquer lugar.<\/strong> \u00c9 preciso saber isso antes de tudo. Verifique obrigatoriamente se os exemplos que darei abaixo realmente se adaptam \u00e0 sua regi\u00e3o. Mesmo dentro da mesma cidade, pequenas diferen\u00e7as como corredores de vento, orienta\u00e7\u00e3o da fachada, ac\u00famulo de neve ou bols\u00f5es de geada influenciam muito o desempenho de uma \u00e1rvore. Por isso, a informa\u00e7\u00e3o \u201cj\u00e1 vi essa \u00e1rvore nesta cidade antes\u201d \u00e9 um bom come\u00e7o, mas sozinha n\u00e3o basta. \u00c9 preciso ter cuidado ao escolher \u00e1rvores para jardim de villa.<\/p>\n\n\n\n<p><strong>O segundo crit\u00e9rio<\/strong> \u00e9 a \u00e1rea e a escala. Jardins de villa \u00e0s vezes parecem amplos, mas quando entram em conta muros, estacionamento, piscina, terra\u00e7o e caminhos, o volume de solo dispon\u00edvel para as ra\u00edzes encolhe rapidamente. Esp\u00e9cies de copa grande acabam, em \u00e1reas pequenas, criando uma \u201cobriga\u00e7\u00e3o constante de poda\u201d. E isso significa perda est\u00e9tica. O plantio tamb\u00e9m pode fazer um espa\u00e7o parecer mais amplo ou mais estreito. A escolha da \u00e1rvore \u00e9 muito importante.<\/p>\n\n\n\n<p><strong>O terceiro crit\u00e9rio<\/strong> \u00e9 a fun\u00e7\u00e3o. Voc\u00ea quer privacidade, sombra, cor sazonal ou fruta? Uma \u00e1rvore n\u00e3o entrega tudo ao mesmo tempo; at\u00e9 parece que entrega, mas depois de um ponto ela devolve o custo daquilo que oferece em forma de manuten\u00e7\u00e3o. Por isso, \u00e9 preciso deixar a fun\u00e7\u00e3o bem clara desde o in\u00edcio.<\/p>\n\n\n\n<p><strong>O quarto crit\u00e9rio<\/strong> \u00e9 a toler\u00e2ncia \u00e0 manuten\u00e7\u00e3o. Se n\u00e3o houver um jardineiro cuidando do seu espa\u00e7o, o jardim pode deixar de ser uma \u00e1rea de prazer e virar uma \u201clista intermin\u00e1vel de tarefas\u201d. Vale a pena evitar esp\u00e9cies com muita queda de folhas, necessidade frequente de poda ou alta exig\u00eancia de controle fitossanit\u00e1rio.<\/p>\n\n\n\n<p><strong>O quinto crit\u00e9rio<\/strong> \u00e9 o comportamento das ra\u00edzes e a dist\u00e2ncia em rela\u00e7\u00e3o \u00e0s constru\u00e7\u00f5es. Algumas esp\u00e9cies podem desenvolver ra\u00edzes agressivas que buscam \u00e1gua. Isso pode gerar problemas especialmente junto a piscinas, linhas de drenagem ou tubula\u00e7\u00f5es de irriga\u00e7\u00e3o autom\u00e1tica. Ao escolher uma esp\u00e9cie, a \u201cseguran\u00e7a radicular\u201d deve sempre ser um tema importante.<\/p>\n\n\n\n<p><strong>O sexto crit\u00e9rio<\/strong> \u00e9 a linguagem est\u00e9tica. Em jardins modernos e minimalistas, \u00e1rvores de forma vertical e uma paleta mais limitada de esp\u00e9cies costumam funcionar melhor. J\u00e1 em jardins com aspecto mais natural, esp\u00e9cies em camadas e com texturas diferentes costumam dialogar melhor entre si. As \u00e1rvores do jardim da villa precisam conversar com a linguagem arquitet\u00f4nica do espa\u00e7o.<\/p>\n\n\n\n<p><strong>O s\u00e9timo crit\u00e9rio<\/strong> \u00e9 a sazonalidade. Se o objetivo \u00e9 ter um jardim vivo nas quatro esta\u00e7\u00f5es, \u00e9 preciso combinar esp\u00e9cies estruturais perenes com esp\u00e9cies de destaque sazonal. Um jardim montado com uma \u00fanica esp\u00e9cie ou fica mon\u00f3tono, ou no inverno acaba \u201cnu\u201d.<\/p>\n\n\n\n<h2 class=\"wp-block-heading\"><span class=\"ez-toc-section\" id=\"Matriz_rapida_de_decisao_de_que_tipo_o_seu_jardim_mais_se_aproxima\"><\/span>Matriz r\u00e1pida de decis\u00e3o: de que tipo o seu jardim mais se aproxima?<span class=\"ez-toc-section-end\"><\/span><\/h2>\n\n\n\n<p>Se a prioridade no seu jardim de villa \u00e9 a privacidade, comece com esp\u00e9cies perenes formadoras de barreira: <strong><a href=\"https:\/\/www.peyzax.com\/cupressus-servi-agaci-cesitleri-ve-ozellikleri\/\" target=\"_blank\" rel=\"noreferrer noopener\">ciprestes<\/a><\/strong>, leylandi, <strong><a href=\"https:\/\/www.peyzax.com\/turkiyede-yetisen-mazi-bitkisi-cesitleri\/\" target=\"_blank\" rel=\"noreferrer noopener\">tuia<\/a><\/strong> e esp\u00e9cies semelhantes. Essas esp\u00e9cies constroem a linha-base do jardim; depois voc\u00ea acrescenta as \u00e1rvores de destaque (Imagem 1).<\/p>\n\n\n\n<figure class=\"wp-block-image size-full\"><img fetchpriority=\"high\" decoding=\"async\" width=\"1300\" height=\"867\" src=\"https:\/\/www.peyzax.com\/wp-content\/uploads\/2026\/02\/villa-bahcesi-agaclari-mahremiyet.png\" alt=\"Exemplo de cria\u00e7\u00e3o de privacidade em uma villa com ciprestes\" class=\"wp-image-71718\" title=\"\"><figcaption class=\"wp-element-caption\">Exemplo de cria\u00e7\u00e3o de privacidade com ciprestes (\u00e1rvores para jardim de villa)<\/figcaption><\/figure>\n\n\n\n<p>Se a prioridade \u00e9 sombra e conforto no ver\u00e3o, v\u00e1 para esp\u00e9cies de copa ampla, mas com manejo de ra\u00edzes e de queda de folhas mais razo\u00e1vel: talvez n\u00e3o o <strong><a href=\"https:\/\/www.peyzax.com\/cinar-agaci-ozellikleri-bakimi-ve-faydalari\/\" target=\"_blank\" rel=\"noreferrer noopener\">pl\u00e1tano<\/a><\/strong>, mas em algumas regi\u00f5es a <strong><a href=\"https:\/\/www.peyzax.com\/turkiyede-yetisen-ihlamur-agaci-ozellikleri-ve-turleri\/\" target=\"_blank\" rel=\"dofollow noreferrer noopener\">t\u00edlia<\/a><\/strong> ou o <strong><a href=\"https:\/\/www.koncapeyzaj.com\/post\/peyzaj-bi-tki-leri-di-%C5%9Fbudak-yaprakli-ak%C3%A7aa%C4%9Fa%C3%A7\" rel=\"nofollow noopener\" target=\"_blank\">freixo<\/a><\/strong> podem funcionar muito bem. Se a \u00e1rea for pequena, prefira esp\u00e9cies com copa mais controlada.<\/p>\n\n\n\n<p>Se no seu jardim de villa a prioridade for est\u00e9tica e \u201cdar car\u00e1ter ao espa\u00e7o\u201d, em muitas villas funciona muito bem colocar \u00e1rvores ornamentais floridas e com cor como protagonistas e, ao fundo, construir profundidade com duas ou tr\u00eas esp\u00e9cies perenes.<\/p>\n\n\n\n<p>Se a prioridade em uma \u00e1rvore de jardim for a produ\u00e7\u00e3o de frutos, colocar as frut\u00edferas na parte mais ensolarada e relativamente menos ventosa do terreno aumenta tanto a produtividade quanto a facilidade de manuten\u00e7\u00e3o. A \u00e1rvore frut\u00edfera se comporta de maneira diferente da \u00e1rvore de sombra; ela exige mais poda e aduba\u00e7\u00e3o regular.<\/p>\n\n\n\n<h2 class=\"wp-block-heading\"><span class=\"ez-toc-section\" id=\"Arvores_para_jardim_de_villa_21_sugestoes_e_seus_motivos\"><\/span>\u00c1rvores para jardim de villa: 21 sugest\u00f5es e seus motivos<span class=\"ez-toc-section-end\"><\/span><\/h2>\n\n\n\n<p>Na lista abaixo, apresentei para cada esp\u00e9cie uma pequena \u201cjustificativa de projeto\u201d. N\u00e3o se esque\u00e7a de que algumas esp\u00e9cies podem apresentar desempenhos diferentes em climas distintos; especialmente em \u00e1reas de altitude elevada e sob invernos rigorosos, a escolha da esp\u00e9cie precisa ser ainda mais cuidadosa.<\/p>\n\n\n\n<h3 class=\"wp-block-heading\"><span class=\"ez-toc-section\" id=\"1_Cipreste-do-Mediterraneo_Cupressus_sempervirens\"><\/span>1) Cipreste-do-Mediterr\u00e2neo (Cupressus sempervirens)<span class=\"ez-toc-section-end\"><\/span><\/h3>\n\n\n\n<div class=\"wp-block-columns is-layout-flex wp-container-core-columns-is-layout-9d6595d7 wp-block-columns-is-layout-flex\">\n<div class=\"wp-block-column is-layout-flow wp-block-column-is-layout-flow\">\n<figure class=\"wp-block-image size-full\"><img decoding=\"async\" width=\"667\" height=\"1000\" src=\"https:\/\/www.peyzax.com\/wp-content\/uploads\/2026\/02\/Servi-agaci-Villa-Peyzaji.png\" alt=\"Cipreste-do-Mediterr\u00e2neo - \u00c1rvores para jardim de villa\" class=\"wp-image-71720\" title=\"\"><figcaption class=\"wp-element-caption\">Cipreste-do-Mediterr\u00e2neo<\/figcaption><\/figure>\n<\/div>\n\n\n\n<div class=\"wp-block-column is-layout-flow wp-block-column-is-layout-flow\">\n<p>Por que \u00e9 escolhido: gra\u00e7as ao seu porte vertical, ele cria um forte \u201cenquadramento espacial\u201d mesmo em \u00e1reas estreitas. Faz parte das \u00e1rvores perenes. Tamb\u00e9m est\u00e1 entre as \u00e1rvores que oferecem sombra. Nos jardins de villa, \u00e9 muito funcional para formar barreiras de privacidade e destacar eixos visuais. Recomendo especialmente seu uso porque \u00e9 resistente \u00e0 seca. Afinal, infelizmente, o futuro da Turquia n\u00e3o parece apontar para abund\u00e2ncia de \u00e1gua. O <strong><a href=\"https:\/\/www.peyzax.com\/kurakcil-peyzaj-ve-kurakliga-dayanikli-bitkiler\/\" target=\"_blank\" rel=\"noreferrer noopener\">paisagismo xer\u00f3filo<\/a><\/strong> ser\u00e1 muito importante.<\/p>\n\n\n\n<p><strong>Aten\u00e7\u00e3o:<\/strong> em \u00e1reas muito expostas ao vento, na fase jovem \u00e9 importante usar tutoramento e fazer um plantio correto. Os lados mais expostos a ventos fortes podem ressecar.<\/p>\n\n\n\n<p>Entre as \u00e1rvores que voc\u00ea encontrar\u00e1 com mais frequ\u00eancia ao escolher esp\u00e9cies para jardim de villa, o cipreste provavelmente ser\u00e1 uma das principais. Se as condi\u00e7\u00f5es clim\u00e1ticas permitirem, vale muito a pena us\u00e1-lo em alguma parte do seu jardim.<\/p>\n<\/div>\n<\/div>\n\n\n\n<h3 class=\"wp-block-heading\"><span class=\"ez-toc-section\" id=\"2_Azinheira_Quercus_ilex\"><\/span>2) Azinheira (Quercus ilex)<span class=\"ez-toc-section-end\"><\/span><\/h3>\n\n\n\n<figure class=\"wp-block-image size-full\"><img decoding=\"async\" width=\"1300\" height=\"867\" src=\"https:\/\/www.peyzax.com\/wp-content\/uploads\/2026\/02\/Serene-garden-under-a-holm-oak.png\" alt=\"Carvalho em jardim de villa - \u00c1rvores para jardim de villa\" class=\"wp-image-71722\" title=\"\"><figcaption class=\"wp-element-caption\">Com o carvalho, \u00e9 poss\u00edvel criar uma atmosfera de serenidade no jardim da villa.<\/figcaption><\/figure>\n\n\n\n<p>O carvalho foi, ao longo da hist\u00f3ria, uma das \u00e1rvores mais pr\u00f3ximas do ser humano e uma das mais admiradas. Se ele cresce bem na sua regi\u00e3o, pode ser considerado, no grupo de \u00e1rvores para jardim de villa, como uma alternativa \u00e0s oliveiras, que se tornaram muito populares nos \u00faltimos tempos. Seu uso como exemplar isolado costuma transmitir a sensa\u00e7\u00e3o mais correta.<\/p>\n\n\n\n<p><strong>Por que \u00e9 escolhida:<\/strong> \u00e9 uma \u00e1rvore perene, oferece sombra forte e cria uma massa vegetal permanente. No jardim de villa, \u00e9 uma das \u00e1rvores \u201cestruturais\u201d e duradouras. Tamb\u00e9m faz parte das \u00e1rvores de sombra.<\/p>\n\n\n\n<p><strong>Aten\u00e7\u00e3o:<\/strong> por causa do seu potencial de copa ampla, em jardins pequenos \u00e9 mais adequado pens\u00e1-la como \u00e1rvore de destaque isolado.<\/p>\n\n\n\n<h3 class=\"wp-block-heading\"><span class=\"ez-toc-section\" id=\"3_Pinheiro-manso_Pinus_pinea\"><\/span>3) Pinheiro-manso (Pinus pinea)<span class=\"ez-toc-section-end\"><\/span><\/h3>\n\n\n\n<figure class=\"wp-block-image size-full\"><img loading=\"lazy\" decoding=\"async\" width=\"1300\" height=\"867\" src=\"https:\/\/www.peyzax.com\/wp-content\/uploads\/2026\/02\/Pinus-Pinea-Fistik-Cami.png\" alt=\"Pinheiro-manso (Pinus pinea) - \u00c1rvores para jardim de villa\" class=\"wp-image-71724\" title=\"\"><figcaption class=\"wp-element-caption\">Pinheiro-manso (Pinus pinea)<\/figcaption><\/figure>\n\n\n\n<p>Se voc\u00ea quiser criar um fundo majestoso atr\u00e1s da sua villa e destacar ainda mais a arquitetura da casa, pode usar essa \u00e1rvore na parte posterior. Us\u00e1-la na entrada frontal da villa, com o passar dos anos, pode acabar bloqueando a vista da constru\u00e7\u00e3o.<\/p>\n\n\n\n<p><strong>Por que \u00e9 escolhido:<\/strong> com sua forma de guarda-chuva, ele expressa muito bem o car\u00e1ter mediterr\u00e2neo e adiciona sombra \u00e0s \u00e1reas de estar. Nos jardins de villa, produz uma silhueta atemporal. Faz parte das \u00e1rvores perenes. Est\u00e1 entre as \u00e1rvores que oferecem sombra.<\/p>\n\n\n\n<p><strong>Aten\u00e7\u00e3o:<\/strong> nos primeiros anos, precisa de condu\u00e7\u00e3o de forma e de um planejamento correto de espa\u00e7amento.<\/p>\n\n\n\n<h3 class=\"wp-block-heading\"><span class=\"ez-toc-section\" id=\"4_Cipreste-azul_ou_formas_de_zimbro_cultivares_de_Cupressus_e_Juniperus\"><\/span>4) Cipreste-azul ou formas de zimbro (cultivares de Cupressus e Juniperus)<span class=\"ez-toc-section-end\"><\/span><\/h3>\n\n\n\n<figure class=\"wp-block-image size-full\"><img loading=\"lazy\" decoding=\"async\" width=\"1300\" height=\"867\" src=\"https:\/\/www.peyzax.com\/wp-content\/uploads\/2026\/02\/Silver-blue-conifer-in-serene-garden-setting.png\" alt=\"Uma forma de cipreste-azul em jardim de villa - \u00c1rvores para jardim de villa\" class=\"wp-image-71726\" title=\"\"><figcaption class=\"wp-element-caption\">Uma forma de cipreste-azul em jardim de villa<\/figcaption><\/figure>\n\n\n\n<p>Por serem perenes e trabalharem bem com contrastes crom\u00e1ticos, ciprestes-azuis e zimbros t\u00eam grande import\u00e2ncia em projetos paisag\u00edsticos de villas.<\/p>\n\n\n\n<p><strong>Por que s\u00e3o escolhidos:<\/strong> pelo efeito visual de seus tons azulados e acinzentados, criam um contraste forte em jardins modernos. No inverno tamb\u00e9m mant\u00eam o jardim \u201ccheio\u201d. Fazem parte das \u00e1rvores perenes.<\/p>\n\n\n\n<p><strong>Aten\u00e7\u00e3o:<\/strong> em plantios excessivamente adensados, a circula\u00e7\u00e3o de ar pode cair, o que aumenta o risco de doen\u00e7as.<\/p>\n\n\n\n<h3 class=\"wp-block-heading\"><span class=\"ez-toc-section\" id=\"5_Arvore-da-chuva-dourada_Koelreuteria_paniculata\"><\/span>5) \u00c1rvore-da-chuva-dourada (Koelreuteria paniculata)<span class=\"ez-toc-section-end\"><\/span><\/h3>\n\n\n\n<figure class=\"wp-block-image size-full\"><img loading=\"lazy\" decoding=\"async\" width=\"1300\" height=\"867\" src=\"https:\/\/www.peyzax.com\/wp-content\/uploads\/2026\/02\/Golden-rain-tree-in-late-summer-garden.png\" alt=\"\u00c1rvore-da-chuva-dourada - \u00c1rvores para jardim de villa\" class=\"wp-image-71730\" title=\"\"><figcaption class=\"wp-element-caption\">\u00c1rvore-da-chuva-dourada<\/figcaption><\/figure>\n\n\n\n<p><strong>Por que \u00e9 escolhida:<\/strong> oferece uma beleza distribu\u00edda ao longo de v\u00e1rias esta\u00e7\u00f5es, com flora\u00e7\u00e3o no ver\u00e3o, c\u00e1psulas decorativas depois e colora\u00e7\u00e3o de outono. Fontes tamb\u00e9m destacam sua toler\u00e2ncia \u00e0 seca e \u00e0s condi\u00e7\u00f5es urbanas. Est\u00e1 entre as \u00e1rvores de baixa manuten\u00e7\u00e3o.<\/p>\n\n\n\n<p><strong>Aten\u00e7\u00e3o:<\/strong> em algumas regi\u00f5es pode se espalhar por sementes, por isso a situa\u00e7\u00e3o local deve ser verificada.<\/p>\n\n\n\n<h3 class=\"wp-block-heading\"><span class=\"ez-toc-section\" id=\"6_Acer-do-Japao_Acer_palmatum\"><\/span>6) Acer-do-Jap\u00e3o (Acer palmatum)<span class=\"ez-toc-section-end\"><\/span><\/h3>\n\n\n\n<figure class=\"wp-block-image size-full\"><img loading=\"lazy\" decoding=\"async\" width=\"1300\" height=\"867\" src=\"https:\/\/www.peyzax.com\/wp-content\/uploads\/2026\/02\/japon-akcaagaci.png\" alt=\"Acer-do-Jap\u00e3o (Acer palmatum) - \u00c1rvores para jardim de villa\" class=\"wp-image-71728\" title=\"\"><figcaption class=\"wp-element-caption\">Acer-do-Jap\u00e3o (Acer palmatum)<\/figcaption><\/figure>\n\n\n\n<p>Se voc\u00ea quiser trazer um pouco de atmosfera do Extremo Oriente ao seu jardim, ser\u00e1 preciso abrir espa\u00e7o para \u00e1rvores elegantes. E quando se fala em eleg\u00e2ncia, pensa-se no <strong><a href=\"https:\/\/www.peyzax.com\/japon-bahce-sanatinda-tasarim-stilleri-ve-donemleri\/\" target=\"_blank\" rel=\"noreferrer noopener\">paisagismo japon\u00eas<\/a><\/strong>. Mas \u00e9 preciso cautela: delicadeza exige mais manuten\u00e7\u00e3o e mais cuidado, e n\u00e3o costuma gostar de condi\u00e7\u00f5es duras.<\/p>\n\n\n\n<p><strong>Por que \u00e9 escolhido:<\/strong> em pequena escala, oferece uma \u201calta densidade est\u00e9tica\u201d. Funciona especialmente bem em conjunto com pedras, \u00e1gua e vegeta\u00e7\u00e3o minimalista. Em algumas variedades, a prefer\u00eancia por meia-sombra se destaca.<\/p>\n\n\n\n<p><strong>Aten\u00e7\u00e3o:<\/strong> o sol do meio-dia e os ventos secos podem aumentar o risco de queimadura nas folhas.<\/p>\n\n\n\n<h3 class=\"wp-block-heading\"><span class=\"ez-toc-section\" id=\"7_Arvore-de-Judas_Cercis_siliquastrum\"><\/span>7) \u00c1rvore-de-Judas (Cercis siliquastrum)<span class=\"ez-toc-section-end\"><\/span><\/h3>\n\n\n\n<figure class=\"wp-block-image size-full\"><img loading=\"lazy\" decoding=\"async\" width=\"1300\" height=\"867\" src=\"https:\/\/www.peyzax.com\/wp-content\/uploads\/2026\/02\/Erguvan-Cercis-siliquastrum.png\" alt=\"\u00c1rvore-de-Judas (Cercis siliquastrum) - \u00c1rvores para jardim de villa\" class=\"wp-image-71732\" title=\"\"><figcaption class=\"wp-element-caption\">\u00c1rvore-de-Judas (Cercis siliquastrum)<\/figcaption><\/figure>\n\n\n\n<p>A \u00e1rvore-de-Judas, uma das \u00e1rvores mais especiais da bela Istambul, anuncia a chegada da primavera pelo B\u00f3sforo. Com sua eleg\u00e2ncia e a capacidade extraordin\u00e1ria de florescer at\u00e9 nos ramos, \u00e9 uma \u00e1rvore bel\u00edssima. Se for usada sem exagero, ela levar\u00e1 a primavera ao seu jardim, embora seu per\u00edodo de flora\u00e7\u00e3o n\u00e3o seja muito longo.<\/p>\n\n\n\n<p><strong>Por que \u00e9 escolhida:<\/strong> sua flora\u00e7\u00e3o na primavera fortalece muito as entradas da villa e o entorno das \u00e1reas de estar. Na cultura paisag\u00edstica da Anat\u00f3lia, ela tamb\u00e9m carrega uma \u201celeg\u00e2ncia local\u201d.<\/p>\n\n\n\n<p><strong>Aten\u00e7\u00e3o:<\/strong> em vez de podas severas, \u00e9 mais saud\u00e1vel avan\u00e7ar apenas com pequenas corre\u00e7\u00f5es de forma.<\/p>\n\n\n\n<h3 class=\"wp-block-heading\"><span class=\"ez-toc-section\" id=\"8_Cerejeira_ornamental_Prunus_serrulata_e_semelhantes\"><\/span>8) Cerejeira ornamental (Prunus serrulata e semelhantes)<span class=\"ez-toc-section-end\"><\/span><\/h3>\n\n\n\n<figure class=\"wp-block-image size-full\"><img loading=\"lazy\" decoding=\"async\" width=\"1300\" height=\"867\" src=\"https:\/\/www.peyzax.com\/wp-content\/uploads\/2026\/02\/Sus-Kirazi-Prunus-serrulata.png\" alt=\"Cerejeira ornamental (Prunus serrulata) - \u00c1rvores para jardim de villa\" class=\"wp-image-71734\" title=\"\"><figcaption class=\"wp-element-caption\">Cerejeira ornamental (Prunus serrulata)<\/figcaption><\/figure>\n\n\n\n<p>Outra \u00e1rvore que faz sentir a chegada da primavera de maneira muito bonita \u00e9 a cerejeira, tamb\u00e9m fortemente associada ao Jap\u00e3o. As cerejeiras ornamentais, com sua flora\u00e7\u00e3o intensa, perfume primaveril e efeito rosa suave, conseguem impressionar qualquer pessoa.<\/p>\n\n\n\n<p><strong>Por que \u00e9 escolhida:<\/strong> proporciona um espet\u00e1culo de flores curto, mas muito marcante. Funciona bem em jardins onde se busca um forte impacto visual e fotogr\u00e1fico.<\/p>\n\n\n\n<p><strong>Aten\u00e7\u00e3o:<\/strong> algumas esp\u00e9cies podem ser sens\u00edveis a doen\u00e7as; por isso, \u00e9 importante escolher uma muda saud\u00e1vel e um bom local de plantio.<\/p>\n\n\n\n<h3 class=\"wp-block-heading\"><span class=\"ez-toc-section\" id=\"9_Reseda_Extremosa_Lagerstroemia_indica\"><\/span>9) Resed\u00e1 \/ Extremosa (Lagerstroemia indica)<span class=\"ez-toc-section-end\"><\/span><\/h3>\n\n\n\n<figure class=\"wp-block-image size-full\"><img loading=\"lazy\" decoding=\"async\" width=\"1300\" height=\"867\" src=\"https:\/\/www.peyzax.com\/wp-content\/uploads\/2026\/02\/Oya-Agaci-Lagerstroemia-indica.png\" alt=\"Resed\u00e1 (Lagerstroemia indica) - \u00c1rvores para jardim de villa\" class=\"wp-image-71736\" title=\"\"><figcaption class=\"wp-element-caption\">Resed\u00e1 (Lagerstroemia indica)<\/figcaption><\/figure>\n\n\n\n<p>O resed\u00e1 \u00e9 uma \u00e1rvore muito bonita tanto pela forma quanto pelas flores cor-de-rosa. \u00c9 muito utilizado em ruas e jardins de villa. Voc\u00ea pode usar essa \u00e1rvore para suavizar cantos r\u00edgidos da sua casa.<\/p>\n\n\n\n<p><strong>Por que \u00e9 escolhida:<\/strong> com sua flora\u00e7\u00e3o no ver\u00e3o, torna-se uma boa op\u00e7\u00e3o para quem quer que o jardim permane\u00e7a vivo tamb\u00e9m nessa esta\u00e7\u00e3o. \u00c9 muito querida em villas de clima quente.<\/p>\n\n\n\n<p><strong>Aten\u00e7\u00e3o:<\/strong> em regi\u00f5es de inverno rigoroso, pode ser sens\u00edvel ao frio.<\/p>\n\n\n\n<h3 class=\"wp-block-heading\"><span class=\"ez-toc-section\" id=\"10_Magnolia_Magnolia_grandiflora\"><\/span>10) Magn\u00f3lia (Magnolia grandiflora)<span class=\"ez-toc-section-end\"><\/span><\/h3>\n\n\n\n<figure class=\"wp-block-image size-full\"><img loading=\"lazy\" decoding=\"async\" width=\"1300\" height=\"867\" src=\"https:\/\/www.peyzax.com\/wp-content\/uploads\/2026\/02\/Manolya-Magnolia-grandiflora.png\" alt=\"Magn\u00f3lia (Magnolia grandiflora) - \u00c1rvores para jardim de villa\" class=\"wp-image-71738\" title=\"\"><figcaption class=\"wp-element-caption\">Magn\u00f3lia (Magnolia grandiflora)<\/figcaption><\/figure>\n\n\n\n<p>A magn\u00f3lia \u00e9 uma das \u00e1rvores mais usadas em paisagismo de villas.<\/p>\n\n\n\n<p><strong>Por que \u00e9 escolhida:<\/strong> com sua grande textura foliar e o efeito da flora\u00e7\u00e3o, traduz muito bem a linguagem de um \u201cjardim de luxo\u201d. Algumas esp\u00e9cies tamb\u00e9m oferecem massa verde perene. Faz parte das \u00e1rvores perenes. Tamb\u00e9m est\u00e1 entre as \u00e1rvores de sombra.<\/p>\n\n\n\n<p><strong>Aten\u00e7\u00e3o:<\/strong> as exig\u00eancias de solo e a prote\u00e7\u00e3o contra o vento devem ser consideradas.<\/p>\n\n\n\n<h3 class=\"wp-block-heading\"><span class=\"ez-toc-section\" id=\"11_Tilia_especies_de_Tilia\"><\/span>11) T\u00edlia (esp\u00e9cies de Tilia)<span class=\"ez-toc-section-end\"><\/span><\/h3>\n\n\n\n<figure class=\"wp-block-image size-full\"><img loading=\"lazy\" decoding=\"async\" width=\"1300\" height=\"867\" src=\"https:\/\/www.peyzax.com\/wp-content\/uploads\/2026\/02\/Ihlamur-Tilia.png\" alt=\"T\u00edlia (Tilia cordata) - \u00c1rvores para jardim de villa\" class=\"wp-image-71740\" title=\"\"><figcaption class=\"wp-element-caption\">T\u00edlia (Tilia cordata)<\/figcaption><\/figure>\n\n\n\n<p>A t\u00edlia \u00e9 muito usada em arquitetura paisag\u00edstica tanto pela sensa\u00e7\u00e3o \u00fanica de frescor que transmite ao jardim quanto pela beleza da sua forma. Sua forma \u00e9 reta e suave. Essa apar\u00eancia organizada combina muito bem com o paisagismo de villas de alto padr\u00e3o.<\/p>\n\n\n\n<p><strong>Por que \u00e9 escolhida:<\/strong> \u00e9 muito forte em produ\u00e7\u00e3o de sombra, perfume e conforto no ver\u00e3o. Em jardins maiores, ajuda a refrescar a \u00e1rea de estar. Faz parte das \u00e1rvores de sombra.<\/p>\n\n\n\n<p><strong>Aten\u00e7\u00e3o:<\/strong> por causa do crescimento da copa, a escolha do local e a dist\u00e2ncia em rela\u00e7\u00e3o \u00e0s edifica\u00e7\u00f5es devem ser bem planejadas.<\/p>\n\n\n\n<h3 class=\"wp-block-heading\"><span class=\"ez-toc-section\" id=\"12_Freixo_especies_de_Fraxinus\"><\/span>12) Freixo (esp\u00e9cies de Fraxinus)<span class=\"ez-toc-section-end\"><\/span><\/h3>\n\n\n\n<figure class=\"wp-block-image size-full\"><img loading=\"lazy\" decoding=\"async\" width=\"1536\" height=\"1024\" src=\"https:\/\/www.peyzax.com\/wp-content\/uploads\/2026\/02\/Disbudak-Fraxinus.png\" alt=\"Freixo (Fraxinus excelsior) - \u00c1rvores para jardim de villa\" class=\"wp-image-71742\" title=\"\"><figcaption class=\"wp-element-caption\">Freixo (Fraxinus excelsior)<\/figcaption><\/figure>\n\n\n\n<p>O freixo \u00e9 uma boa \u00e1rvore para \u00e1reas de estacionamento. Voc\u00ea pode us\u00e1-lo no estacionamento da villa ou ao longo dos caminhos, caso tenha um jardim amplo.<\/p>\n\n\n\n<p><strong>Por que \u00e9 escolhido:<\/strong> pode proporcionar sombra controlada e criar volume mais rapidamente. Ao longo dos percursos, transmite uma sensa\u00e7\u00e3o de alameda. Est\u00e1 entre as \u00e1rvores de baixa manuten\u00e7\u00e3o.<\/p>\n\n\n\n<p><strong>Aten\u00e7\u00e3o:<\/strong> a situa\u00e7\u00e3o regional de doen\u00e7as e a necessidade de \u00e1gua devem ser verificadas. Tamb\u00e9m est\u00e1 entre as \u00e1rvores pioneiras, que podem se espalhar com vigor. Isso pode exigir cuidado.<\/p>\n\n\n\n<h3 class=\"wp-block-heading\"><span class=\"ez-toc-section\" id=\"13_Pereira_ornamental_cultivares_de_Pyrus_calleryana\"><\/span>13) Pereira ornamental (cultivares de Pyrus calleryana)<span class=\"ez-toc-section-end\"><\/span><\/h3>\n\n\n\n<figure class=\"wp-block-image size-full\"><img loading=\"lazy\" decoding=\"async\" width=\"1536\" height=\"1024\" src=\"https:\/\/www.peyzax.com\/wp-content\/uploads\/2026\/02\/Sus-Armutu-Pyrus-calleryana.png\" alt=\"Pereira ornamental - \u00c1rvores para jardim de villa\" class=\"wp-image-71744\" title=\"\"><figcaption class=\"wp-element-caption\">Pereira ornamental (Pyrus calleryana)<\/figcaption><\/figure>\n\n\n\n<p><strong>Por que \u00e9 escolhida:<\/strong> cria um destaque sazonal com sua flora\u00e7\u00e3o de primavera e sua colora\u00e7\u00e3o de outono. Como \u00e9 uma esp\u00e9cie de porte m\u00e9dio, \u00e9 f\u00e1cil de manejar em escala de jardim de villa.<\/p>\n\n\n\n<p><strong>Aten\u00e7\u00e3o:<\/strong> em algumas regi\u00f5es, sua estrutura de galhos mais fr\u00e1gil pode causar problemas com o vento.<\/p>\n\n\n\n<h3 class=\"wp-block-heading\"><span class=\"ez-toc-section\" id=\"14_Oliveira_Olea_europaea\"><\/span>14) Oliveira (Olea europaea)<span class=\"ez-toc-section-end\"><\/span><\/h3>\n\n\n\n<figure class=\"wp-block-image size-full\"><img loading=\"lazy\" decoding=\"async\" width=\"1300\" height=\"867\" src=\"https:\/\/www.peyzax.com\/wp-content\/uploads\/2026\/02\/Golden-hour-at-the-olive-tree.png\" alt=\"Oliveira - \u00c1rvores para jardim de villa\" class=\"wp-image-71746\" title=\"\"><figcaption><\/figcaption><\/figure>\n\n\n\n<p>A oliveira \u00e9 um dos grandes destaques do paisagismo nos \u00faltimos anos. Especialmente em projetos de villa, vemos com frequ\u00eancia oliveiras antigas, de 200 a 300 anos, e de porte mais baixo sendo utilizadas. Na pr\u00e1tica, ela traz ao jardim tanto um efeito r\u00fastico quanto, no uso solit\u00e1rio, uma sensa\u00e7\u00e3o de \u201cpai do paisagismo do jardim\u201d.<\/p>\n\n\n\n<p><strong>Por que \u00e9 escolhida:<\/strong> em villas do Mediterr\u00e2neo e do Egeu, ela \u00e9 ao mesmo tempo um elemento simb\u00f3lico e uma textura muito marcante. Por resistir \u00e0 seca, \u00e9 muito usada em jardins de baixo consumo de \u00e1gua. Est\u00e1 entre as \u00e1rvores de baixa manuten\u00e7\u00e3o.<\/p>\n\n\n\n<p><strong>Aten\u00e7\u00e3o:<\/strong> em regi\u00f5es sujeitas a geadas severas, o risco aumenta em locais desprotegidos.<\/p>\n\n\n\n<h3 class=\"wp-block-heading\"><span class=\"ez-toc-section\" id=\"15_Romazeira_Punica_granatum\"><\/span>15) Rom\u00e3zeira (Punica granatum)<span class=\"ez-toc-section-end\"><\/span><\/h3>\n\n\n\n<figure class=\"wp-block-image size-full\"><img loading=\"lazy\" decoding=\"async\" width=\"1300\" height=\"867\" src=\"https:\/\/www.peyzax.com\/wp-content\/uploads\/2026\/02\/Ripe-pomegranates-in-a-sunlit-garden.png\" alt=\"Rom\u00e3zeira (Punica granatum) - \u00c1rvores para jardim de villa\" class=\"wp-image-71748\" title=\"\"><figcaption class=\"wp-element-caption\">Rom\u00e3zeira (Punica granatum)<\/figcaption><\/figure>\n\n\n\n<p><strong>Por que \u00e9 escolhida:<\/strong> re\u00fane fruto, flor e textura foliar na mesma planta. Funciona muito bem em plantios de limite e em pontos de destaque.<\/p>\n\n\n\n<p><strong>Aten\u00e7\u00e3o:<\/strong> em \u00e1reas com inverno muito frio, a escolha da variedade \u00e9 importante.<\/p>\n\n\n\n<h3 class=\"wp-block-heading\"><span class=\"ez-toc-section\" id=\"16_Macieira_Malus_domestica\"><\/span>16) Macieira (Malus domestica)<span class=\"ez-toc-section-end\"><\/span><\/h3>\n\n\n\n<figure class=\"wp-block-image size-full\"><img loading=\"lazy\" decoding=\"async\" width=\"1300\" height=\"867\" src=\"https:\/\/www.peyzax.com\/wp-content\/uploads\/2026\/02\/Autumn-apples-in-the-garden.png\" alt=\"Macieira (Malus domestica) - \u00c1rvores para jardim de villa\" class=\"wp-image-71750\" title=\"\"><figcaption class=\"wp-element-caption\">Macieira (Malus domestica)<\/figcaption><\/figure>\n\n\n\n<p><strong>Por que \u00e9 escolhida:<\/strong> leva para o jardim da villa a ideia de \u201cpaisagem comest\u00edvel\u201d. Com flora\u00e7\u00e3o e frutos, oferece efeito em duas esta\u00e7\u00f5es.<\/p>\n\n\n\n<p><strong>Aten\u00e7\u00e3o:<\/strong> exige poda regular e controle de doen\u00e7as; de certo modo, pede a disciplina de um pomar.<\/p>\n\n\n\n<h3 class=\"wp-block-heading\"><span class=\"ez-toc-section\" id=\"17_Pereira_Pyrus_communis\"><\/span>17) Pereira (Pyrus communis)<span class=\"ez-toc-section-end\"><\/span><\/h3>\n\n\n\n<figure class=\"wp-block-image size-full\"><img loading=\"lazy\" decoding=\"async\" width=\"1300\" height=\"867\" src=\"https:\/\/www.peyzax.com\/wp-content\/uploads\/2026\/02\/ChatGPT-Image-21-Sub-2026-16_00_53.png\" alt=\"Pereira (Pyrus communis) - \u00c1rvores para jardim de villa\" class=\"wp-image-71752\" title=\"\"><figcaption class=\"wp-element-caption\">Pereira (Pyrus communis)<\/figcaption><\/figure>\n\n\n\n<p><strong>Por que \u00e9 escolhida:<\/strong> como \u00e1rvore frut\u00edfera, fortalece o lado produtivo do jardim. Com as variedades certas, pode gerar bons rendimentos.<\/p>\n\n\n\n<p><strong>Aten\u00e7\u00e3o:<\/strong> quando irriga\u00e7\u00e3o e nutri\u00e7\u00e3o n\u00e3o est\u00e3o bem ajustadas, a qualidade do fruto pode cair.<\/p>\n\n\n\n<h3 class=\"wp-block-heading\"><span class=\"ez-toc-section\" id=\"18_Cerejeira_ou_ginjeira_Prunus_avium_e_Prunus_cerasus\"><\/span>18) Cerejeira ou ginjeira (Prunus avium e Prunus cerasus)<span class=\"ez-toc-section-end\"><\/span><\/h3>\n\n\n\n<figure class=\"wp-block-image size-full\"><img loading=\"lazy\" decoding=\"async\" width=\"667\" height=\"1000\" src=\"https:\/\/www.peyzax.com\/wp-content\/uploads\/2026\/02\/Kiraz-Agaci-prunus.png\" alt=\"Cerejeira - \u00c1rvores para jardim de villa\" class=\"wp-image-71756\" title=\"\"><figcaption class=\"wp-element-caption\">Cerejeira &#8211; \u00c1rvores para jardim de villa<\/figcaption><\/figure>\n\n\n\n<p><strong>Por que \u00e9 escolhida:<\/strong> a est\u00e9tica da flora\u00e7\u00e3o e o valor do fruto v\u00eam juntos.<br><strong>Aten\u00e7\u00e3o:<\/strong> \u00e9 preciso considerar danos causados por p\u00e1ssaros, planejamento da colheita e rotina de poda.<\/p>\n\n\n\n<h3 class=\"wp-block-heading\"><span class=\"ez-toc-section\" id=\"19_Nogueira_Juglans_regia\"><\/span>19) Nogueira (Juglans regia)<span class=\"ez-toc-section-end\"><\/span><\/h3>\n\n\n\n<figure class=\"wp-block-image size-full\"><img loading=\"lazy\" decoding=\"async\" width=\"1300\" height=\"867\" src=\"https:\/\/www.peyzax.com\/wp-content\/uploads\/2026\/02\/Ceviz-Juglans-regia.png\" alt=\"Nogueira (Juglans regia) - \u00c1rvores para jardim de villa\" class=\"wp-image-71754\" title=\"\"><figcaption class=\"wp-element-caption\">Nogueira (Juglans regia)<\/figcaption><\/figure>\n\n\n\n<p>Essa \u00e1rvore pode ser especialmente interessante para jardins de villa maiores, onde seu porte robusto produz uma sensa\u00e7\u00e3o muito forte.<\/p>\n\n\n\n<p><strong>Por que \u00e9 escolhida:<\/strong> oferece muita sombra, identidade marcante e produ\u00e7\u00e3o de frutos. Em villas com grandes terrenos, pode se tornar uma \u201c\u00e1rvore principal\u201d de muito valor.<\/p>\n\n\n\n<p><strong>Aten\u00e7\u00e3o:<\/strong> a expans\u00e3o da copa e das ra\u00edzes \u00e9 grande; um posicionamento distante de constru\u00e7\u00f5es e infraestrutura \u00e9 mais seguro.<\/p>\n\n\n\n<h3 class=\"wp-block-heading\"><span class=\"ez-toc-section\" id=\"20_Betula_Betula_pendula\"><\/span>20) B\u00e9tula (Betula pendula)<span class=\"ez-toc-section-end\"><\/span><\/h3>\n\n\n\n<figure class=\"wp-block-image size-full\"><img loading=\"lazy\" decoding=\"async\" width=\"667\" height=\"1000\" src=\"https:\/\/www.peyzax.com\/wp-content\/uploads\/2026\/02\/Serene-garden-with-silver-birch-tree.png\" alt=\"B\u00e9tula (Betula pendula) - \u00c1rvores para jardim de villa\" class=\"wp-image-71758\" title=\"\"><figcaption class=\"wp-element-caption\">B\u00e9tula (Betula pendula) &#8211; \u00c1rvores para villa<\/figcaption><\/figure>\n\n\n\n<p>A b\u00e9tula \u00e9 uma das \u00e1rvores mais procuradas no paisagismo por causa do seu tronco branco e das marcas vis\u00edveis sobre ele.<\/p>\n\n\n\n<p><strong>Por que \u00e9 escolhida:<\/strong> com o tronco fino e a textura leve das folhas, cria uma atmosfera \u201cfresca e elegante\u201d.<\/p>\n\n\n\n<p><strong>Aten\u00e7\u00e3o:<\/strong> em regi\u00f5es quentes e secas, o estresse h\u00eddrico pode aumentar <a href=\"https:\/\/www.ogm.gov.tr\/tr\/e-kutuphane-sitesi\/Yayinlar\/Asli%20A%C4%9Fa%C3%A7%20T%C3%BCrleri.pdf\" target=\"_blank\" rel=\"dofollow noreferrer noopener\">(OGM)<\/a>. \u00c9 mais adequada para regi\u00f5es frias. No ver\u00e3o pode pingar e deixar res\u00edduos resinosos abaixo. Conv\u00e9m mant\u00ea-la longe de \u00e1reas de estacionamento.<\/p>\n\n\n\n<h3 class=\"wp-block-heading\"><span class=\"ez-toc-section\" id=\"21_Laricio-siberiano_ou_especies_adequadas_de_abeto\"><\/span>21) Lar\u00edcio-siberiano ou esp\u00e9cies adequadas de abeto<span class=\"ez-toc-section-end\"><\/span><\/h3>\n\n\n\n<figure class=\"wp-block-image size-full\"><img loading=\"lazy\" decoding=\"async\" width=\"667\" height=\"1000\" src=\"https:\/\/www.peyzax.com\/wp-content\/uploads\/2026\/02\/Frosty-garden-with-golden-larch.png\" alt=\"Lar\u00edcio-siberiano - \u00c1rvores para jardim de villa\" class=\"wp-image-71760\" title=\"\"><figcaption class=\"wp-element-caption\">Lar\u00edcio-siberiano<\/figcaption><\/figure>\n\n\n\n<p>Essa \u00e1rvore \u00e9 uma das esp\u00e9cies importantes que podem ser preferidas especialmente em \u00e1reas altas e de clima frio.<\/p>\n\n\n\n<p><strong>Por que \u00e9 escolhida:<\/strong> em regi\u00f5es de inverno rigoroso, oferece uma estrutura de con\u00edfera que sustenta o jardim tamb\u00e9m no inverno.<\/p>\n\n\n\n<p><strong>Aten\u00e7\u00e3o:<\/strong> a esp\u00e9cie e a proced\u00eancia da muda devem ser compat\u00edveis com o clima local; vento e carga de neve tamb\u00e9m devem ser considerados. Faz parte das \u00e1rvores perenes.<\/p>\n\n\n\n<h2 class=\"wp-block-heading\"><span class=\"ez-toc-section\" id=\"Plantio_disposicao_e_manutencao_etapas_praticas_de_aplicacao\"><\/span>Plantio, disposi\u00e7\u00e3o e manuten\u00e7\u00e3o: etapas pr\u00e1ticas de aplica\u00e7\u00e3o<span class=\"ez-toc-section-end\"><\/span><\/h2>\n\n\n\n<p>O erro mais cr\u00edtico com \u00e1rvores para jardim de villa \u00e9 escolher o local \u201cde acordo com o tamanho atual da muda\u201d. O correto \u00e9 posicion\u00e1-la imaginando a largura da copa na fase adulta, por exemplo, dali a 20 anos. \u00c0 medida que as \u00e1rvores crescem, o espa\u00e7o se estreita; se esse estreitamento n\u00e3o for pensado como parte do projeto, depois se tenta compens\u00e1-lo com poda.<\/p>\n\n\n\n<p>O segundo tema cr\u00edtico no plantio \u00e9 o volume de ra\u00edzes. Uma situa\u00e7\u00e3o que vejo com frequ\u00eancia \u00e9 esta: um canteiro estreito cercado por piso r\u00edgido. Isso empurra a \u00e1rvore para uma vida \u201crestrita\u201d durante anos. Sempre que poss\u00edvel, deixar em volta da \u00e1rvore superf\u00edcie perme\u00e1vel, cobertura morta e \u00e1rea radicular melhora o desempenho a longo prazo.<\/p>\n\n\n\n<p>O terceiro tema \u00e9 a irriga\u00e7\u00e3o. Nos dois primeiros anos, mesmo para esp\u00e9cies consideradas \u201cresistentes \u00e0 seca\u201d, a \u00e1gua regular \u00e9 decisiva para o desenvolvimento das ra\u00edzes. Depois, a irriga\u00e7\u00e3o \u00e9 reduzida. Especialmente em climas secos, se essa transi\u00e7\u00e3o n\u00e3o for feita corretamente, ou o sistema radicular fica superficial, ou a \u00e1rvore entra em estresse.<\/p>\n\n\n\n<p>O quarto tema \u00e9 o vento e a orienta\u00e7\u00e3o. Em fachadas que recebem ventos frios, esp\u00e9cies perenes usadas como barreira aumentam tanto o conforto quanto a sobreviv\u00eancia das plantas. Em esp\u00e9cies verticais como o cipreste, o tutoramento e a amarra\u00e7\u00e3o s\u00e3o importantes na fase jovem para evitar que tombem com o vento.<\/p>\n\n\n\n<p>O quinto tema \u00e9 a \u201clinguagem da poda\u201d. No jardim da villa, as \u00e1rvores n\u00e3o s\u00e3o podadas com uma \u201cl\u00f3gica de floresta\u201d, mas com uma \u201cl\u00f3gica de arquitetura de jardim\u201d. Por\u00e9m, se a poda for excessiva, a \u00e1rvore perde sua forma natural. O objetivo aqui \u00e9 manter dist\u00e2ncias seguras e controlar a sombra sem destruir o car\u00e1ter da \u00e1rvore.<\/p>\n\n\n\n<h2 class=\"wp-block-heading\"><span class=\"ez-toc-section\" id=\"Erros_mais_comuns\"><\/span>Erros mais comuns<span class=\"ez-toc-section-end\"><\/span><\/h2>\n\n\n\n<p>O primeiro erro \u00e9 plantar a mesma esp\u00e9cie em todos os lugares. \u00c0 primeira vista isso parece organizado, mas, alguns anos depois, quando surge uma doen\u00e7a ou uma praga, todo o jardim pode ser afetado ao mesmo tempo. A diversidade de esp\u00e9cies funciona como um seguro do paisagismo.<\/p>\n\n\n\n<p>O segundo erro \u00e9 colocar ao redor da piscina esp\u00e9cies com muita queda de folhas. Essa escolha aumenta a carga di\u00e1ria de manuten\u00e7\u00e3o. Em volta da piscina, esp\u00e9cies perenes com menor queda de folhas e comportamento radicular mais controlado costumam ser mais confort\u00e1veis.<\/p>\n\n\n\n<p>O terceiro erro \u00e9 plantar esp\u00e9cies de copa ampla muito perto do limite com o vizinho. No curto prazo isso gera privacidade; no longo prazo pode virar tens\u00e3o de vizinhan\u00e7a. \u00c0s vezes, para privacidade, a escolha mais correta n\u00e3o \u00e9 \u201cuma \u00e1rvore\u201d, mas sim uma esp\u00e9cie que funcione como \u201ccerca viva em forma de \u00e1rvore\u201d.<\/p>\n\n\n\n<p>O quarto erro \u00e9 fazer uma cova de plantio muito pequena. N\u00e3o basta apenas colocar a muda no solo; sem pensar o volume em que as ra\u00edzes v\u00e3o viver, fica dif\u00edcil esperar um desempenho sustent\u00e1vel da \u00e1rvore no jardim da villa.<\/p>\n\n\n\n<h2 class=\"wp-block-heading\"><span class=\"ez-toc-section\" id=\"Por_fim_tabela_comparativa_das_especies\"><\/span>Por fim: tabela comparativa das esp\u00e9cies<span class=\"ez-toc-section-end\"><\/span><\/h2>\n\n\n\n<p>A tabela abaixo resume algumas esp\u00e9cies muito usadas em jardins de villa, de maneira a facilitar a decis\u00e3o. As informa\u00e7\u00f5es de zona e as notas de cultivo v\u00eam do Plant Finder; ao relacionar isso com as regi\u00f5es clim\u00e1ticas da Turquia, por\u00e9m, tamb\u00e9m \u00e9 preciso considerar separadamente os efeitos do microclima e da altitude.<\/p>\n\n\n\n<figure class=\"wp-block-table is-style-stripes\"><table class=\"has-fixed-layout\"><thead><tr><td><strong>Esp\u00e9cie<\/strong><\/td><td><strong>Compatibilidade clim\u00e1tica (leitura para a Turquia)<\/strong><\/td><td><strong>Velocidade de crescimento<\/strong><\/td><td><strong>Comportamento das ra\u00edzes (tend\u00eancia geral)<\/strong><\/td><td><strong>Queda de folhas<\/strong><\/td><td><strong>Necessidade de manuten\u00e7\u00e3o<\/strong><\/td><td><strong>Uso recomendado<\/strong><\/td><\/tr><\/thead><tbody><tr><td>Cercis siliquastrum (\u00e1rvore-de-Judas)<\/td><td>Mais confort\u00e1vel em \u00e1reas amenas, sem geadas muito severas<\/td><td>M\u00e9dia<\/td><td>M\u00e9dia, precisa de espa\u00e7o para crescer<\/td><td>Caducif\u00f3lia<\/td><td>Baixa a m\u00e9dia<\/td><td>Destaque, efeito de primavera<\/td><\/tr><tr><td>Magnolia grandiflora (magn\u00f3lia de flores grandes)<\/td><td>Mais segura em \u00e1reas litor\u00e2neas e microclimas protegidos<\/td><td>M\u00e9dia<\/td><td>M\u00e9dia<\/td><td>Perenif\u00f3lia (pode sofrer com frio)<\/td><td>M\u00e9dia<\/td><td>Destaque, barreira vegetal<\/td><\/tr><tr><td>Tilia tomentosa (t\u00edlia-prateada)<\/td><td>Pode funcionar tamb\u00e9m em clima continental, aten\u00e7\u00e3o \u00e0 seca de ver\u00e3o<\/td><td>M\u00e9dia<\/td><td>Copa ampla, precisa de boa dist\u00e2ncia<\/td><td>Caducif\u00f3lia<\/td><td>Baixa<\/td><td>Sombra, \u00e1rvore de rua<\/td><\/tr><tr><td>Acer campestre (bordo-campestre)<\/td><td>Mais flex\u00edvel em regi\u00f5es de transi\u00e7\u00e3o e continentais<\/td><td>M\u00e9dia<\/td><td>M\u00e9dia<\/td><td>Caducif\u00f3lia<\/td><td>Baixa<\/td><td>Sombra, barreira<\/td><\/tr><tr><td>Carpinus betulus (carpa-europeia)<\/td><td>Pode ter bom desempenho em climas frescos-temperados e continentais<\/td><td>M\u00e9dia<\/td><td>M\u00e9dia<\/td><td>Caducif\u00f3lia<\/td><td>Baixa<\/td><td>Barreira, pode ser conduzida em forma<\/td><\/tr><tr><td>Celtis australis (lod\u00e3o)<\/td><td>Ameno, tolerante ao vento e \u00e0s condi\u00e7\u00f5es urbanas<\/td><td>M\u00e9dia<\/td><td>M\u00e9dia<\/td><td>Caducif\u00f3lia<\/td><td>Baixa<\/td><td>Sombra, esp\u00e9cie resistente<\/td><\/tr><tr><td>Liquidambar orientalis (liquid\u00e2mbar-da-Anat\u00f3lia)<\/td><td>Melhor perto de \u00e1gua e em zonas \u00famidas<\/td><td>Lenta a m\u00e9dia<\/td><td>Pode tender a brotar<\/td><td>Caducif\u00f3lia<\/td><td>M\u00e9dia<\/td><td>Destaque, cor de outono<\/td><\/tr><tr><td>Cedrus libani (cedro-do-L\u00edbano)<\/td><td>Pode ser considerado tamb\u00e9m em \u00e1reas resistentes ao frio<\/td><td>M\u00e9dia<\/td><td>Pode aprofundar ra\u00edzes, mas ainda assim precisa de volume<\/td><td>Perenif\u00f3lia<\/td><td>M\u00e9dia<\/td><td>Destaque, efeito de inverno<\/td><\/tr><tr><td>Cupressus sempervirens (cipreste)<\/td><td>Mais adequado em zonas amenas e quentes<\/td><td>M\u00e9dia<\/td><td>M\u00e9dia<\/td><td>Perenif\u00f3lia<\/td><td>Baixa a m\u00e9dia<\/td><td>Destaque vertical, barreira<\/td><\/tr><tr><td>Pinus pinea (pinheiro-manso)<\/td><td>Mais adequado para zonas amenas e quentes<\/td><td>M\u00e9dia<\/td><td>Copa ampla, dist\u00e2ncia \u00e9 indispens\u00e1vel<\/td><td>Perenif\u00f3lia<\/td><td>M\u00e9dia<\/td><td>Sombra, \u00e1rvore de car\u00e1ter<\/td><\/tr><tr><td>Laurus nobilis (louro)<\/td><td>Faixa litor\u00e2nea, microclima ameno<\/td><td>M\u00e9dia<\/td><td>M\u00e9dia<\/td><td>Perenif\u00f3lia<\/td><td>M\u00e9dia<\/td><td>Barreira, textura arom\u00e1tica<\/td><\/tr><tr><td>Olea europaea (oliveira)<\/td><td>Mais segura na faixa mediterr\u00e2nea<\/td><td>Lenta<\/td><td>M\u00e9dia<\/td><td>Perenif\u00f3lia<\/td><td>Baixa a m\u00e9dia<\/td><td>Destaque, jardim xer\u00f3filo<\/td><\/tr><\/tbody><\/table><\/figure>\n\n\n\n<h2 class=\"wp-block-heading\"><span class=\"ez-toc-section\" id=\"Perguntas_frequentes\"><\/span>Perguntas frequentes<span class=\"ez-toc-section-end\"><\/span><\/h2>\n\n\n<div id=\"rank-math-faq\" class=\"rank-math-block\">\n<div class=\"rank-math-list \">\n<div id=\"faq-question-1771680634753\" class=\"rank-math-list-item\">\n<h3 class=\"rank-math-question \"><span class=\"ez-toc-section\" id=\"Quais_arvores_criam_privacidade_mais_rapidamente_em_um_jardim_de_villa\"><\/span><strong>Quais \u00e1rvores criam privacidade mais rapidamente em um jardim de villa?<br><\/strong><span class=\"ez-toc-section-end\"><\/span><\/h3>\n<div class=\"rank-math-answer \">\n\n<p>Para obter privacidade r\u00e1pida, as perenes de porte vertical se destacam. Ciprestes e algumas formas de zimbro ou esp\u00e9cies semelhantes podem formar uma barreira visual em pouco tempo, quando plantadas com o espa\u00e7amento correto. Na fase jovem, irriga\u00e7\u00e3o adequada e tutoramento melhoram o desempenho. (<a href=\"https:\/\/www.gardenersworld.com\/how-to\/grow-plants\/how-to-grow-italian-cypress\/?srsltid=AfmBOooCqooxJ94Klva_6aC7_6go-mhpTLCWlT8cn-D_0fxqyE2RnkdP&amp;utm_source=chatgpt.com\" rel=\"nofollow noopener\" target=\"_blank\">BBC Gardeners World Magazine<\/a>)<\/p>\n\n<\/div>\n<\/div>\n<div id=\"faq-question-1771680645303\" class=\"rank-math-list-item\">\n<h3 class=\"rank-math-question \"><span class=\"ez-toc-section\" id=\"Quais_arvores_para_jardim_de_villa_exigem_pouca_manutencao\"><\/span><strong>Quais \u00e1rvores para jardim de villa exigem pouca manuten\u00e7\u00e3o<\/strong>?<span class=\"ez-toc-section-end\"><\/span><\/h3>\n<div class=\"rank-math-answer \">\n\n<p>Em geral, esp\u00e9cies tolerantes \u00e0 seca, cuja forma n\u00e3o exige podas muito frequentes e que sofrem baixa press\u00e3o de doen\u00e7as, transmitem essa sensa\u00e7\u00e3o de \u201cbaixa manuten\u00e7\u00e3o\u201d. Esp\u00e9cies como a azinheira podem formar uma excelente estrutura perene no local adequado.<\/p>\n\n<\/div>\n<\/div>\n<div id=\"faq-question-1771680663374\" class=\"rank-math-list-item\">\n<h3 class=\"rank-math-question \"><span class=\"ez-toc-section\" id=\"Como_escolher_uma_arvore_adequada_para_areas_pequenas_em_um_jardim_de_villa\"><\/span>Como escolher uma \u00e1rvore adequada para \u00e1reas pequenas em um jardim de villa?<span class=\"ez-toc-section-end\"><\/span><\/h3>\n<div class=\"rank-math-answer \">\n\n<p>Em espa\u00e7os pequenos, o objetivo \u00e9 escolher esp\u00e9cies com copa e comportamento radicular controlados. \u00c1rvores de destaque de menor porte, como o acer-do-Jap\u00e3o, podem oferecer alto valor est\u00e9tico no microclima correto.<\/p>\n\n<\/div>\n<\/div>\n<div id=\"faq-question-1771680681252\" class=\"rank-math-list-item\">\n<h3 class=\"rank-math-question \"><span class=\"ez-toc-section\" id=\"Arvores_frutiferas_combinam_com_jardim_de_villa\"><\/span>\u00c1rvores frut\u00edferas combinam com jardim de villa?<span class=\"ez-toc-section-end\"><\/span><\/h3>\n<div class=\"rank-math-answer \">\n\n<p>Sim, e at\u00e9 muito bem. Se forem bem integradas, podem transformar o jardim em um \u201cespa\u00e7o vivo de produ\u00e7\u00e3o\u201d. Mas \u00e1rvores frut\u00edferas exigem podas e manuten\u00e7\u00e3o mais regulares do que \u00e1rvores ornamentais. Quando isso \u00e9 aceito desde o come\u00e7o, o resultado pode ser muito satisfat\u00f3rio.<\/p>\n\n<\/div>\n<\/div>\n<div id=\"faq-question-1771680694406\" class=\"rank-math-list-item\">\n<h3 class=\"rank-math-question \"><span class=\"ez-toc-section\" id=\"Por_que_em_algumas_arvores_ornamentais_aparece_a_observacao_%E2%80%9Cverifique%E2%80%9D\"><\/span>Por que em algumas \u00e1rvores ornamentais aparece a observa\u00e7\u00e3o \u201cverifique\u201d?<span class=\"ez-toc-section-end\"><\/span><\/h3>\n<div class=\"rank-math-answer \">\n\n<p>Algumas esp\u00e9cies podem, em certas regi\u00f5es, se espalhar por sementes e se multiplicar de forma descontrolada. H\u00e1 fontes que destacam esse potencial na \u00e1rvore-da-chuva-dourada; por isso, \u00e9 mais seguro verificar a situa\u00e7\u00e3o local e as listas municipais antes de decidir.<\/p>\n\n<\/div>\n<\/div>\n<\/div>\n<\/div>\n\n\n<p><\/p>\n","protected":false},"excerpt":{"rendered":"<p>O que realmente torna as villas magn\u00edficas bonitas \u00e9, antes de tudo, o seu paisagismo. As pessoas tamb\u00e9m querem viver em uma villa ou em&#46;&#46;&#46;<\/p>\n","protected":false},"author":18,"featured_media":72184,"comment_status":"open","ping_status":"open","sticky":false,"template":"","format":"standard","meta":{"footnotes":"","_wp_rev_ctl_limit":""},"categories":[5360],"tags":[],"class_list":["post-72182","post","type-post","status-publish","format-standard","has-post-thumbnail","hentry","category-nao-categorizado"],"_links":{"self":[{"href":"https:\/\/www.peyzax.com\/pt-br\/wp-json\/wp\/v2\/posts\/72182","targetHints":{"allow":["GET"]}}],"collection":[{"href":"https:\/\/www.peyzax.com\/pt-br\/wp-json\/wp\/v2\/posts"}],"about":[{"href":"https:\/\/www.peyzax.com\/pt-br\/wp-json\/wp\/v2\/types\/post"}],"author":[{"embeddable":true,"href":"https:\/\/www.peyzax.com\/pt-br\/wp-json\/wp\/v2\/users\/18"}],"replies":[{"embeddable":true,"href":"https:\/\/www.peyzax.com\/pt-br\/wp-json\/wp\/v2\/comments?post=72182"}],"version-history":[{"count":0,"href":"https:\/\/www.peyzax.com\/pt-br\/wp-json\/wp\/v2\/posts\/72182\/revisions"}],"wp:featuredmedia":[{"embeddable":true,"href":"https:\/\/www.peyzax.com\/pt-br\/wp-json\/wp\/v2\/media\/72184"}],"wp:attachment":[{"href":"https:\/\/www.peyzax.com\/pt-br\/wp-json\/wp\/v2\/media?parent=72182"}],"wp:term":[{"taxonomy":"category","embeddable":true,"href":"https:\/\/www.peyzax.com\/pt-br\/wp-json\/wp\/v2\/categories?post=72182"},{"taxonomy":"post_tag","embeddable":true,"href":"https:\/\/www.peyzax.com\/pt-br\/wp-json\/wp\/v2\/tags?post=72182"}],"curies":[{"name":"wp","href":"https:\/\/api.w.org\/{rel}","templated":true}]}}