{"id":76242,"date":"2026-04-29T12:14:00","date_gmt":"2026-04-29T09:14:00","guid":{"rendered":"https:\/\/www.peyzax.com\/?p=76242"},"modified":"2026-04-26T00:27:36","modified_gmt":"2026-04-25T21:27:36","slug":"a-casa-turca","status":"publish","type":"post","link":"https:\/\/www.peyzax.com\/pt-br\/a-casa-turca\/","title":{"rendered":"A Casa Turca: A Mem\u00f3ria Espacial de uma Civiliza\u00e7\u00e3o que Deixa o Sol ao Vizinho"},"content":{"rendered":"\n<p>Enquanto navegava pelo X, deparei-me com esta frase de Ali Kaan: <strong><em>\u201cOs turcos s\u00e3o uma na\u00e7\u00e3o que merece viver n\u00e3o em apartamentos apertados, mas em verdadeiras casas turcas com p\u00e1tio.\u201d <\/em><\/strong>\u00c0 primeira vista, a frase pode parecer um pouco rom\u00e2ntica, talvez at\u00e9 um pouco ambiciosa&#8230; Mas existem frases que, antes mesmo de serem julgadas como certas ou erradas, despertam na pessoa uma vontade de imaginar. Comigo foi exatamente assim. De repente, imaginei-me dentro daquele p\u00e1tio cal\u00e7ado de pedra da imagem, ao lado de uma \u00e1rvore florida cuja sombra ca\u00eda no ch\u00e3o, diante de uma casa cujas janelas de madeira deixavam a luz da manh\u00e3 entrar de forma suave. Depois acrescentei um jardim a essa imagem. Um po\u00e7o, um banco, um som fino de \u00e1gua, trepadeiras apoiadas no muro de pedra, l\u00e1 em cima um cumba, no meio o hayat, no interior o sofa&#8230; E ent\u00e3o percebi que eu n\u00e3o estava pensando apenas em uma casa; estava pensando em uma forma de vida.<\/p>\n\n\n\n<figure class=\"wp-block-embed is-type-rich is-provider-twitter wp-block-embed-twitter\"><div class=\"wp-block-embed__wrapper\">\n<blockquote class=\"twitter-tweet\" data-width=\"550\" data-dnt=\"true\"><p lang=\"tr\" dir=\"ltr\">T\u00fcrkler s\u0131k\u0131\u015f\u0131k apartman dairelerinde de\u011fil, avlusu olan ger\u00e7ek T\u00fcrk evlerinde ya\u015famay\u0131 hak eden bir millettir. <a href=\"https:\/\/t.co\/aBtkVcVVW3\" rel=\"nofollow\">pic.twitter.com\/aBtkVcVVW3<\/a><\/p>&mdash; Ali Kaan (@HorasaniTurki) <a href=\"https:\/\/twitter.com\/HorasaniTurki\/status\/2041911686169272716?ref_src=twsrc%5Etfw\" rel=\"nofollow noopener\" target=\"_blank\">April 8, 2026<\/a><\/blockquote><script async src=\"https:\/\/platform.twitter.com\/widgets.js\" charset=\"utf-8\"><\/script>\n<\/div><\/figure>\n\n\n\n<p>Depois disso, quis preparar para voc\u00eas um texto detalhado para que todos conhecessem melhor as caracter\u00edsticas das casas turcas. Antes, claro, pesquisei. Encontrei desenhos, termos, coment\u00e1rios sobre antigos tecidos urbanos, e todo um mundo de pensamento espacial que se estende de Safranbolu a Bucara. E, no fim, vi com mais clareza isto: a casa turca n\u00e3o \u00e9 apenas uma heran\u00e7a arquitet\u00f4nica do passado. Ela \u00e9 tamb\u00e9m um pensamento escrito no espa\u00e7o sobre como podemos viver juntos, sobre como devemos olhar e, talvez, at\u00e9 sobre como podemos continuar humanos.<\/p>\n\n\n\n<blockquote class=\"wp-block-quote is-layout-flow wp-block-quote-is-layout-flow\">\n<p class=\"is-style-alert-2 has-medium-font-size\">Hoje, em muitas cidades modernas, os edif\u00edcios se erguem dentro de seus lotes com suas pr\u00f3prias afirma\u00e7\u00f5es individuais. Cada um parece independente do outro, \u00e0s vezes at\u00e9 como se fosse seu rival. Na cidade turca tradicional, por\u00e9m, essa rela\u00e7\u00e3o \u00e9 diferente. A casa leva em conta n\u00e3o apenas o pr\u00f3prio conforto, mas tamb\u00e9m a luz do vizinho, a sombra da rua e o ar do bairro. Por isso, nos bairros turcos que adotaram a arquitetura horizontal tradicional, fala-se da exist\u00eancia de uma sensibilidade que poderia ser resumida assim: \u201cque a sombra de uma casa n\u00e3o corte o sol da outra\u201d.<\/p>\n<\/blockquote>\n\n\n\n<p>Hoje, muitas vezes discutimos a quest\u00e3o da moradia a partir de metros quadrados, fachada, vista, n\u00famero de quartos, tipo de cozinha e equipamentos do condom\u00ednio. A casa turca tradicional, por\u00e9m, fazia a pergunta de outro modo. Mais do que perguntar \u201cqual deve ser o tamanho da casa\u201d, ela se interessava pela pergunta: <strong>que tipo de vida a casa deve carregar<\/strong>. Essa pequena diferen\u00e7a, na verdade, transforma toda a abordagem arquitet\u00f4nica. Porque, nesse caso, a constru\u00e7\u00e3o deixa de ser uma casca que se fecha sobre a pessoa e se transforma em um organismo que acompanha seu ritmo cotidiano, organiza sua rela\u00e7\u00e3o com a natureza e protege, de maneira quase invis\u00edvel, o direito da vizinhan\u00e7a.<\/p>\n\n\n\n<figure class=\"wp-block-image size-full\"><img fetchpriority=\"high\" decoding=\"async\" width=\"1300\" height=\"732\" src=\"https:\/\/www.peyzax.com\/wp-content\/uploads\/2026\/04\/Turk-Evi-Kavramlari.png\" alt=\"Diagrama educativo em 3D que mostra detalhadamente a anatomia arquitet\u00f4nica de uma casa turca tradicional, com todos os seus elementos externos e internos identificados por termos em turco.\" class=\"wp-image-75003\" title=\"\"><figcaption class=\"wp-element-caption\">Diagrama educativo em 3D que mostra detalhadamente a anatomia arquitet\u00f4nica de uma casa turca tradicional, com todos os seus elementos externos e internos identificados por termos em turco. A imagem de sua fonte original foi reinterpretada com a tecnologia atual. (1)<\/figcaption><\/figure>\n\n\n\n<p>Quando se fala em casa turca, a primeira imagem que surge na mente de muitas pessoas \u00e9 o cumba. Paredes caiadas de branco, travamentos de madeira, sombras profundas sob os beirais, ruas cal\u00e7adas de pedra, \u00e0s vezes tamb\u00e9m altos muros de p\u00e1tio&#8230; Mas tentar reconhecer a casa turca apenas pela apar\u00eancia seria incompleto. Porque a for\u00e7a dessas casas est\u00e1 tamb\u00e9m em uma l\u00f3gica interna que n\u00e3o se entende imediatamente a partir de fora. No centro dessa l\u00f3gica est\u00e1 a medida. Mas essa medida n\u00e3o \u00e9 apenas uma propor\u00e7\u00e3o matem\u00e1tica ou geom\u00e9trica. <strong>Ela \u00e9 um pouco decoro, um pouco direito, um pouco conhecimento clim\u00e1tico e tamb\u00e9m um pouco delicadeza de viver.<\/strong><\/p>\n\n\n\n<p>Por isso, ao falar da casa turca, \u00e9 preciso falar tamb\u00e9m da cidade. Porque a casa turca, na maioria das vezes, n\u00e3o \u00e9 independente da rua. Ela \u00e9 uma continua\u00e7\u00e3o natural do tecido urbano em que se encontra. Hoje, em muitas cidades modernas, os edif\u00edcios se erguem dentro de seus lotes com suas pr\u00f3prias afirma\u00e7\u00f5es individuais. Cada um parece independente do outro, \u00e0s vezes at\u00e9 como se fosse seu rival. Na cidade turca tradicional, por\u00e9m, essa rela\u00e7\u00e3o \u00e9 diferente. A casa leva em conta n\u00e3o apenas o pr\u00f3prio conforto, mas tamb\u00e9m a luz do vizinho, a sombra da rua e o ar do bairro. Por isso, nos bairros turcos que adotaram a arquitetura horizontal tradicional, fala-se da exist\u00eancia de uma sensibilidade que poderia ser resumida assim: <strong>\u201cque a sombra de uma casa n\u00e3o corte o sol da outra\u201d<\/strong>. Talvez isso n\u00e3o tenha sido aplicado em todos os lugares com a mesma rigidez, talvez tenha mudado ao longo do tempo, mas sente-se que essa ideia deixou uma marca muito forte na mem\u00f3ria arquitet\u00f4nica.<\/p>\n\n\n\n<figure class=\"wp-block-image size-full\"><img decoding=\"async\" width=\"1300\" height=\"267\" src=\"https:\/\/www.peyzax.com\/wp-content\/uploads\/2026\/04\/image-30.png\" alt=\"\" class=\"wp-image-75029\" title=\"\"><figcaption class=\"wp-element-caption\">Imagem panor\u00e2mica que registrei em minha primeira visita a Safranbolu. 21 de abril de 2012<\/figcaption><\/figure>\n\n\n\n<p>Quando se fala em casa turca, uma das primeiras cidades que sem d\u00favida vem \u00e0 mente \u00e9 <strong>Safranbolu <\/strong>. Curiosamente, enquanto escrevia este texto, entrei no meu pr\u00f3prio arquivo fotogr\u00e1fico e voltei ao dia em que vi Safranbolu pela primeira vez. Percebi que conheci essa cidade exatamente h\u00e1 14 anos, em 21 de abril de 2012. Apesar do tempo que passou, a emo\u00e7\u00e3o daquele primeiro encontro ainda permanece muito viva. Mesmo em um per\u00edodo em que os edif\u00edcios ainda n\u00e3o eram apresentados com tanto brilho como hoje, quando as interven\u00e7\u00f5es est\u00e9ticas e o brilho tur\u00edstico ainda n\u00e3o estavam t\u00e3o em evid\u00eancia, Safranbolu j\u00e1 causava uma profunda admira\u00e7\u00e3o. Porque o que impressionava n\u00e3o era apenas a beleza individual das casas, mas a medida, a serenidade e a eleg\u00e2ncia constru\u00eddas por todo um tecido urbano. Em cada visita a Safranbolu, percebi outro detalhe; \u00e0s vezes o modo como uma rua carregava a sombra, \u00e0s vezes a maneira como um cumba se inclinava para a rua, \u00e0s vezes a vida escondida atr\u00e1s de um muro de p\u00e1tio. Nesse sentido, Safranbolu n\u00e3o \u00e9 apenas uma cidade que se v\u00ea, mas uma mem\u00f3ria espacial que se rel\u00ea a cada retorno. O \u00fanico problema talvez seja a crescente carga tur\u00edstica da regi\u00e3o; infelizmente, as multid\u00f5es muitas vezes n\u00e3o deixam espa\u00e7o suficiente para parar, pensar ou mesmo ver de verdade&#8230;<\/p>\n\n\n\n<p>Quando se observam assentamentos como Safranbolu, essa situa\u00e7\u00e3o se torna muito mais concreta. Ao se implantarem na encosta, as casas n\u00e3o tentam apenas conquistar a melhor vista. Em vez de uma l\u00f3gica agressiva de ocupa\u00e7\u00e3o, que bloqueia completamente a frente umas das outras, v\u00ea-se uma composi\u00e7\u00e3o escalonada, recuada, que respira. Por isso, essas casas n\u00e3o parecem apenas bonitas; parecem tamb\u00e9m justas. \u00c9 muito interessante: ao caminhar por algumas cidades, mesmo sem saber tecnicamente o que est\u00e1 correto, sente-se que algo foi estabelecido com equidade. A linguagem urbana constru\u00edda pela casa turca \u00e9 um pouco assim.<\/p>\n\n\n\n<p>Nesse ponto, \u00e9 poss\u00edvel dizer que se estabelece uma liga\u00e7\u00e3o silenciosa entre urbanismo e moral. Porque a compreens\u00e3o turca da cidade n\u00e3o \u00e9 apenas uma organiza\u00e7\u00e3o f\u00edsica que responde \u00e0 necessidade de abrigo; \u00e9 a forma espacial da rela\u00e7\u00e3o que a pessoa estabelece com outra pessoa e com a natureza. Aqui, a cidade n\u00e3o \u00e9 a soma de torres de concreto erguidas em dire\u00e7\u00e3o ao c\u00e9u. Ela \u00e9, antes, uma superf\u00edcie de vida que toca a terra, entende o vento, valoriza a dire\u00e7\u00e3o do sol, cuida da vizinhan\u00e7a, protege a privacidade sem eliminar completamente o encontro.<\/p>\n\n\n\n<figure class=\"wp-block-image size-full\"><img decoding=\"async\" width=\"1300\" height=\"730\" src=\"https:\/\/www.peyzax.com\/wp-content\/uploads\/2026\/04\/DSC02557-scaled.jpg\" alt=\"\" class=\"wp-image-75807\" title=\"\"><figcaption class=\"wp-element-caption\">31 de julho de 2015 &#8211; Istambul<\/figcaption><\/figure>\n\n\n\n<p>As ruas tamb\u00e9m s\u00e3o uma parte importante desse sistema. Quando se fala em rua estreita, hoje \u00e0s vezes se pensa em algo negativo. No entanto, no tecido tradicional, a estreiteza nem sempre significa aperto. Pelo contr\u00e1rio, a rua estreita muitas vezes produz sombra, protege quem caminha e estabelece uma escala mais pr\u00f3xima entre o edif\u00edcio e a pessoa. O avan\u00e7o dos beirais sobre a rua, o ritmo dos volumes projetados, a continuidade das superf\u00edcies muradas, a posi\u00e7\u00e3o das portas e janelas; quando tudo isso se re\u00fane, a rua deixa de ser apenas um corredor de passagem e se transforma em um intervalo vivido. A rua deixa de ser o espa\u00e7o do autom\u00f3vel e passa a ser o espa\u00e7o do olhar, do cumprimento, da espera e do breve encontro.<\/p>\n\n\n\n<figure class=\"wp-block-gallery has-nested-images columns-2 is-cropped wp-block-gallery-1 is-layout-flex wp-block-gallery-is-layout-flex\">\n<figure class=\"wp-block-image size-large is-style-default\"><img loading=\"lazy\" decoding=\"async\" width=\"1300\" height=\"731\" data-id=\"75823\" src=\"https:\/\/www.peyzax.com\/wp-content\/uploads\/2026\/04\/IMG_20190721_150334_1-scaled.jpg\" alt=\"\" class=\"wp-image-75823\" style=\"aspect-ratio:3\/2\" title=\"\"><figcaption><\/figcaption><\/figure>\n\n\n\n<figure class=\"wp-block-image size-large\"><img loading=\"lazy\" decoding=\"async\" width=\"2560\" height=\"1438\" data-id=\"75815\" src=\"https:\/\/www.peyzax.com\/wp-content\/uploads\/2026\/04\/DSC09185-scaled.jpg\" alt=\"\" class=\"wp-image-75815\" style=\"aspect-ratio:3\/2\" title=\"\"><figcaption><\/figcaption><\/figure>\n<figcaption class=\"blocks-gallery-caption wp-element-caption\">Mardin &#8211; 21 de julho de 2019 (esquerda), 10 de maio de 2015 (direita)<\/figcaption><\/figure>\n\n\n\n<p>Os elementos presentes na fachada externa da casa turca tamb\u00e9m fazem parte dessa delicadeza clim\u00e1tica e social. O beiral, por exemplo, n\u00e3o \u00e9 apenas um elemento construtivo que protege da chuva. Ele tamb\u00e9m protege a fachada do sol, orienta o escoamento da \u00e1gua, produz profundidade de sombra e suaviza a atmosfera da rua. J\u00e1 o \u00e7\u00f6rten \u00e9 um detalhe pequeno, mas extremamente importante, que permite afastar de forma controlada a \u00e1gua da chuva acumulada no telhado. Esses elementos, que hoje quase passam despercebidos para muitas pessoas, mostram, na verdade, o quanto a rela\u00e7\u00e3o com a \u00e1gua era consciente. O mesmo vale para a cumeeira, a pelvaze, as venezianas, o pingador, a janela de esquina. Cada um parece pequeno, mas a soma do pequeno produz uma grande intelig\u00eancia arquitet\u00f4nica. O efeito da casa turca tamb\u00e9m se esconde aqui: ela n\u00e3o cria sua for\u00e7a por grandes gestos, mas por pequenas decis\u00f5es colocadas no lugar certo.<\/p>\n\n\n<div class=\"uckan-card\"><button type=\"text\" aria-label=\"Kapat\"><i class=\"gi gi-times\"><\/i><\/button><\/div>\n\n\n<p>Um dos elementos que mais chamam aten\u00e7\u00e3o na fachada \u00e9, sem d\u00favida, o cumba. O cumba \u00e9 a face da casa turca que se estende para a rua. Mas essa extens\u00e3o n\u00e3o \u00e9 agressiva; \u00e9 medida. Ele estabelece rela\u00e7\u00e3o com a rua, amplia a paisagem, oferece \u00e0 pessoa sentada no interior um campo visual maior e enriquece a escala da rua no pavimento inferior. Ao mesmo tempo, por\u00e9m, n\u00e3o se trata de uma abertura total. Gra\u00e7as ao cumba, a vida interior observa o exterior; mas n\u00e3o se entrega completamente a ele. H\u00e1 aqui um equil\u00edbrio muito sutil entre o p\u00fablico e o privado. Talvez uma das faces mais elegantes da casa turca tradicional seja justamente esta: ela n\u00e3o se fecha totalmente, mas tamb\u00e9m n\u00e3o se exp\u00f5e por completo.<\/p>\n\n\n\n<blockquote class=\"wp-block-quote is-layout-flow wp-block-quote-is-layout-flow\">\n<p class=\"is-style-alert-2 has-medium-font-size\">A casa turca n\u00e3o \u00e9 apenas uma heran\u00e7a arquitet\u00f4nica do passado. Ela \u00e9 tamb\u00e9m um pensamento escrito no espa\u00e7o sobre como podemos viver juntos, sobre como devemos olhar e, talvez, at\u00e9 sobre como podemos continuar humanos.<\/p>\n<\/blockquote>\n\n\n\n<p>Quando entramos na casa, encontramos outro mundo. A casa turca n\u00e3o nos lan\u00e7a diretamente ao centro depois da porta. Ela desacelera essa passagem. \u00c9 por isso que o ta\u015fl\u0131k \u00e9 importante. O ta\u015fl\u0131k \u00e9 como uma camada de transi\u00e7\u00e3o entre o exterior e o interior. N\u00e3o \u00e9 exatamente fora, mas ainda n\u00e3o \u00e9 dentro. A frescura da pedra no piso, o ato de tirar os sapatos, a desacelera\u00e7\u00e3o do movimento, a prepara\u00e7\u00e3o do corpo para o espa\u00e7o interno&#8230; Quando tudo isso \u00e9 pensado em conjunto, o ta\u015fl\u0131k se transforma em um limiar sensorial tanto quanto funcional. Essa ideia delicada de transi\u00e7\u00e3o, que perdemos nas moradias atuais, ainda pode ser sentida ali.<\/p>\n\n\n\n<p>Um dos conceitos mais importantes da casa turca \u00e9 o hayat. O hayat, at\u00e9 pelo pr\u00f3prio nome, revela a inten\u00e7\u00e3o dessa arquitetura. Porque esse espa\u00e7o n\u00e3o \u00e9 apenas um vazio ou uma superf\u00edcie de circula\u00e7\u00e3o; \u00e9 o lugar vivido. \u00c9 uma interface semiaberta, semifechada e multifuncional, onde a casa toca o jardim, o p\u00e1tio e a vida cotidiana. O caf\u00e9 da manh\u00e3 pode ser tomado ali, o visitante pode ser recebido ali, a crian\u00e7a pode brincar ali, o frescor do ver\u00e3o pode ser procurado ali. Aquele modo de vida perme\u00e1vel entre interior e exterior, que hoje esquecemos um pouco, torna-se novamente vis\u00edvel no espa\u00e7o do hayat.<\/p>\n\n\n\n<figure class=\"wp-block-image size-full is-resized\"><img loading=\"lazy\" decoding=\"async\" width=\"726\" height=\"700\" src=\"https:\/\/www.peyzax.com\/wp-content\/uploads\/2026\/04\/image-31.png\" alt=\"\" class=\"wp-image-75831\" style=\"width:793px;height:auto\" title=\"\"><figcaption><\/figcaption><\/figure>\n\n\n\n<p>Em liga\u00e7\u00e3o com o hayat, o sofa tamb\u00e9m \u00e9 a espinha dorsal da casa turca. O sofa n\u00e3o \u00e9 apenas uma \u00e1rea de distribui\u00e7\u00e3o para onde se abrem os c\u00f4modos. \u00c9 um centro comum onde a fam\u00edlia se v\u00ea, onde as vozes se misturam, onde o movimento dentro da casa se concentra. Tipos diferentes, como sofa interno, sofa externo e sofa central, mostram como esse espa\u00e7o se transforma conforme o clima regional e os h\u00e1bitos de vida. Ou seja, a casa turca n\u00e3o \u00e9 uma tipologia r\u00edgida; \u00e9 um esquema vivo que se adapta ao contexto. Essa flexibilidade \u00e9 muito valiosa. Porque a boa arquitetura, muitas vezes, n\u00e3o imp\u00f5e uma \u00fanica forma correta; ela escuta a geografia e o modo de vida em que se insere.<\/p>\n\n\n\n<figure class=\"wp-block-image size-full\"><img loading=\"lazy\" decoding=\"async\" width=\"800\" height=\"537\" src=\"https:\/\/www.peyzax.com\/wp-content\/uploads\/2026\/04\/01.jpg\" alt=\"\" class=\"wp-image-75839\" title=\"\"><figcaption class=\"wp-element-caption\">Sofa na Casa Turca (acima da escada) &#8211; Imagem extra\u00edda de outra fonte<\/figcaption><\/figure>\n\n\n\n<p>Em algumas regi\u00f5es, o eyvan tamb\u00e9m se soma a essa riqueza dos espa\u00e7os intermedi\u00e1rios. O eyvan, como uma \u00e1rea de transi\u00e7\u00e3o aberta em um dos lados, semissombreada e com profundidade, assume um papel importante especialmente na rela\u00e7\u00e3o com o clima. Nas regi\u00f5es quentes, oferece sombra e circula\u00e7\u00e3o de ar, ao mesmo tempo em que confere ao espa\u00e7o um ritmo e uma certa sensa\u00e7\u00e3o cerimonial. Ele impede que a casa comece de repente; faz com que ela se abra pouco a pouco. Esse tipo de espa\u00e7o diminuiu muito nas moradias modernas. No entanto, o ser humano tamb\u00e9m precisa psicologicamente dessas transi\u00e7\u00f5es. N\u00e3o queremos passar de um lugar para outro apenas por uma porta; queremos passar por um limiar, uma pausa, uma sombra, um ritmo.<\/p>\n\n\n\n<p>A organiza\u00e7\u00e3o dos c\u00f4modos tamb\u00e9m parece continuar essa compreens\u00e3o. Na casa turca, o quarto n\u00e3o \u00e9 pensado como uma caixa fixada a uma \u00fanica fun\u00e7\u00e3o, como acontece hoje. Quando necess\u00e1rio, pode servir para sentar, quando necess\u00e1rio, para dormir, e quando necess\u00e1rio, para receber visitas. Essa flexibilidade torna o espa\u00e7o vivo. Porque permite a variabilidade da vida. Nichos nas paredes, arm\u00e1rios embutidos, sedirs, y\u00fckl\u00fcks e elementos fixos impedem que o c\u00f4modo seja apenas um volume vazio; d\u00e3o a ele uma cultura de uso. Aqui, mobili\u00e1rio e arquitetura n\u00e3o est\u00e3o separados. O mobili\u00e1rio n\u00e3o parece um elemento trazido depois, mas algo que nasceu de dentro do pr\u00f3prio espa\u00e7o.<\/p>\n\n\n\n<p>Nesse contexto, o sedir n\u00e3o \u00e9 apenas um elemento onde se senta; \u00e9 a forma pela qual o espa\u00e7o estabelece rela\u00e7\u00e3o com o ch\u00e3o e com o corpo. O sentar pr\u00f3ximo ao solo, a posi\u00e7\u00e3o junto \u00e0 janela, o fluxo da conversa face a face, a experi\u00eancia da luz e da paisagem em diferentes n\u00edveis&#8230; Cada um desses aspectos influencia o ritmo que a vida cotidiana estabelece com o corpo. Por isso, a casa turca \u00e9 tamb\u00e9m a casa do corpo, tanto quanto \u00e9 a casa do olhar. N\u00e3o \u00e9 apenas uma linguagem espacial a ser contemplada, mas um espa\u00e7o a ser vivido.<\/p>\n\n\n\n<p>O p\u00e1tio e o jardim s\u00e3o a camada principal onde a casa turca encontra a paisagem. A meu ver, esse tema n\u00e3o \u00e9 discutido o suficiente. Porque tratar a casa turca apenas como constru\u00e7\u00e3o come\u00e7a a encobrir sua forte rela\u00e7\u00e3o com o espa\u00e7o externo. O p\u00e1tio, por\u00e9m, \u00e9 uma parte complementar dessa casa; \u00e0s vezes \u00e9 at\u00e9 seu cora\u00e7\u00e3o. O fato de ser cercado por altos muros n\u00e3o serve para separ\u00e1-lo do exterior, mas para produzir uma privacidade livre no interior. No p\u00e1tio h\u00e1 uma \u00e1rvore, uma fonte, um pequeno canteiro de flores, um canto para sentar, \u00e0s vezes elementos ligados \u00e0 produ\u00e7\u00e3o, \u00e0s vezes espa\u00e7o de movimento para as crian\u00e7as. Aqui, a paisagem n\u00e3o \u00e9 ornamento; \u00e9 extens\u00e3o da vida. O jardim n\u00e3o \u00e9 organizado apenas para parecer bonito; ele existe para produzir sombra, dar frutos, carregar aromas, oferecer frescor e fazer sentir a esta\u00e7\u00e3o.<\/p>\n\n\n\n<figure class=\"wp-block-image size-full\"><img loading=\"lazy\" decoding=\"async\" width=\"1200\" height=\"800\" src=\"https:\/\/www.peyzax.com\/wp-content\/uploads\/2026\/04\/datca-turk-evi-otel_4365be9f.webp\" alt=\"\" class=\"wp-image-75856\" title=\"\"><figcaption class=\"wp-element-caption\">Dat\u00e7a T\u00fcrk Evi Hotel &#8211; Imagem extra\u00edda de outra fonte<\/figcaption><\/figure>\n\n\n\n<p>Isto \u00e9 muito importante: na casa turca, a natureza n\u00e3o \u00e9 uma decora\u00e7\u00e3o adicionada \u00e0 casa depois. Natureza e arquitetura foram pensadas juntas. A rela\u00e7\u00e3o da madeira com a \u00e1gua, da pedra com a sombra, do p\u00e1tio com o c\u00e9u, da \u00e1rvore com a fachada parece quase n\u00e3o ter sido desenhada desde o in\u00edcio, mas amadurecida com o tempo. Talvez seja tamb\u00e9m isso que torna a casa turca t\u00e3o impressionante. Ela n\u00e3o \u00e9 uma constru\u00e7\u00e3o que diz: \u201cvejam como fui projetada\u201d. Parece mais um espa\u00e7o que se tornou bonito com o tempo porque foi vivido corretamente.<\/p>\n\n\n<div class=\"uckan-card\"><button type=\"text\" aria-label=\"Kapat\"><i class=\"gi gi-times\"><\/i><\/button><\/div>\n\n\n<p>A linguagem dos materiais carrega a mesma simplicidade. Nos pavimentos inferiores, chamam aten\u00e7\u00e3o a frescura e a solidez da pedra; nos pavimentos superiores, a flexibilidade e a estrutura respir\u00e1vel da madeira. A pedra \u00e9 como um corpo forte em contato com a terra; a madeira, por sua vez, \u00e9 uma camada mais pr\u00f3xima do ar, da luz e da vida. Isso n\u00e3o \u00e9 apenas uma decis\u00e3o estrutural. \u00c9 tamb\u00e9m um equil\u00edbrio clim\u00e1tico e sensorial. Enquanto a pedra oferece seguran\u00e7a maci\u00e7a e frescor, a madeira produz na parte superior uma atmosfera mais leve e habit\u00e1vel. As propor\u00e7\u00f5es das janelas, os elementos vazados, as venezianas, os espa\u00e7os sob os beirais e at\u00e9 a forma dos puxadores e aldravas da porta fazem parte dessa linguagem integral.<\/p>\n\n\n\n<p>Aqui, a liga\u00e7\u00e3o entre est\u00e9tica e direito volta a ganhar import\u00e2ncia. Porque a casa turca n\u00e3o \u00e9 boa apenas por ser bonita; muitas vezes ela \u00e9 bonita porque foi bem pensada. A ideia de n\u00e3o cortar o sol do vizinho, a sensibilidade de n\u00e3o matar completamente o vento da rua, o esfor\u00e7o de proteger a privacidade no p\u00e1tio enquanto se aumenta a sensa\u00e7\u00e3o de amplitude no interior&#8230; Tudo isso, junto, produz uma est\u00e9tica. Ou seja, a beleza aqui n\u00e3o nasce apenas da forma, mas da corre\u00e7\u00e3o das rela\u00e7\u00f5es. Isso, para mim, \u00e9 muito importante. Porque hoje, na arquitetura e no desenho urbano, forma e \u00e9tica muitas vezes se separam. A casa turca tradicional, por\u00e9m, nos lembra que a verdadeira beleza, em certos momentos, pode nascer de pensar no outro.<\/p>\n\n\n\n<p>Talvez por isso pensar sobre a casa turca n\u00e3o seja apenas uma curiosidade hist\u00f3rica. Esse pensamento tamb\u00e9m cont\u00e9m perguntas muito s\u00e9rias sobre as cidades e a produ\u00e7\u00e3o habitacional de hoje. O que precisamos nos perguntar agora \u00e9 isto: por que produzimos tantos edif\u00edcios, mas conseguimos criar t\u00e3o poucos espa\u00e7os de vida? Por que os metros quadrados aumentam, mas a vida diminui? Por que as janelas se ampliam, mas a vizinhan\u00e7a se estreita? Por que as varandas ficam maiores, mas desaparece aquela sensa\u00e7\u00e3o de respiro que existia no p\u00e1tio? Por que tudo \u00e9 mais novo, mas n\u00f3s nos sentimos mais pobres, mais carentes de alguma coisa?<\/p>\n\n\n\n<p>Talvez uma das respostas esteja no fato de termos come\u00e7ado a ver o espa\u00e7o apenas como propriedade. A casa turca, por\u00e9m, constru\u00eda o espa\u00e7o como um campo de rela\u00e7\u00f5es. Por isso, a casa n\u00e3o era apenas de seu dono; era parte de um todo em que tamb\u00e9m se levavam em conta o vizinho, a rua, o vento, a sombra e a esta\u00e7\u00e3o. <strong>N\u00e3o tenho certeza se esse olhar pode ser transportado para hoje exatamente da mesma forma. Ali\u00e1s, a quest\u00e3o tamb\u00e9m n\u00e3o \u00e9 copiar o passado. <\/strong>N\u00e3o faria sentido nenhum uma arquitetura nost\u00e1lgica superficial do tipo \u201cvamos construir casas de Safranbolu em todos os bairros\u201d ou \u201cvamos transformar todos os apartamentos em edif\u00edcios com cumba\u201d. O ponto principal \u00e9 conseguir reler o pensamento por tr\u00e1s dessas casas a partir das necessidades de hoje.<\/p>\n\n\n\n<p>Talvez hoje n\u00e3o possamos construir <strong>um novo bairro formado por casas turcas<\/strong>. Mas podemos produzir novos princ\u00edpios de moradia a partir daquilo que a casa turca ensina. Podemos chamar de volta os espa\u00e7os de transi\u00e7\u00e3o. Podemos voltar a valorizar os espa\u00e7os semiabertos. Podemos tornar o direito de vizinhan\u00e7a mais vis\u00edvel na linguagem do planejamento urbano. Podemos tratar sol, sombra, vento e privacidade n\u00e3o apenas como dados t\u00e9cnicos, mas como quest\u00f5es de qualidade de vida. Podemos projetar ruas n\u00e3o apenas para o fluxo de ve\u00edculos, mas tamb\u00e9m para o encontro e para o sombreamento. Podemos retirar a paisagem da condi\u00e7\u00e3o de ornamento pensado depois que o edif\u00edcio fica pronto e transform\u00e1-la em parte essencial da constru\u00e7\u00e3o.<\/p>\n\n\n\n<figure class=\"wp-block-image size-full\"><img loading=\"lazy\" decoding=\"async\" width=\"1300\" height=\"730\" src=\"https:\/\/www.peyzax.com\/wp-content\/uploads\/2026\/04\/DSC00297-scaled.jpg\" alt=\"\" class=\"wp-image-75864\" title=\"\"><figcaption class=\"wp-element-caption\">11 de setembro de 2014 &#8211; Kastamonu<\/figcaption><\/figure>\n\n\n\n<p>\u00c9 exatamente aqui que, para mim, a casa turca se torna valiosa. Ela n\u00e3o \u00e9 um objeto de nostalgia preso \u00e0s p\u00e1ginas empoeiradas do passado. \u00c9 como uma professora silenciosa que nos lembra que outra forma de viver \u00e9 poss\u00edvel. Sim, sua linguagem pode ser antiga. Sim, seus termos podem parecer estranhos ao ser humano de hoje em um primeiro momento: hayat, sofa, eyvan, ta\u015fl\u0131k, cumba, \u00e7\u00f6rten&#8230; Mas, quando nos aproximamos um pouco, percebemos que cada uma dessas palavras n\u00e3o \u00e9 apenas um elemento arquitet\u00f4nico; \u00e9 tamb\u00e9m uma atitude diante da vida.<\/p>\n\n\n\n<p>E creio que a quest\u00e3o principal se concentra justamente aqui. A casa turca nos ensina n\u00e3o apenas como construir uma casa, mas como se estabelecer em um lugar. Mostra como ser vizinho, como compartilhar o sol, como conversar com o jardim, como descansar na sombra, como o limiar ganha significado. Talvez o que mais precisamos hoje seja exatamente isto: n\u00e3o mais edif\u00edcios, mas mais sentido; n\u00e3o mais andares, mas mais rela\u00e7\u00e3o; n\u00e3o mais fachadas, mas mais hayat, mais vida.<\/p>\n\n\n\n<p>A frase de Ali Kaan talvez parecesse, \u00e0 primeira vista, uma frase de rede social. Mas me fez pensar por muito tempo. Porque, \u00e0s vezes, a verdade de uma frase n\u00e3o se mede por estat\u00edsticas, mas pela porta que ela abre dentro da pessoa. Quando olhei por essa porta, vi isto: a casa turca n\u00e3o \u00e9 apenas uma tipologia habitacional que ficou no passado. Ela \u00e9 uma mem\u00f3ria poderosa capaz de carregar, ao mesmo tempo, a escala humana, o direito do vizinho, a harmonia com a natureza e a eleg\u00e2ncia espacial.<\/p>\n\n\n\n<ul class=\"wp-block-list is-style-star\">\n<li>Talvez n\u00e3o possamos reconstruir exatamente as mesmas casas. Mas podemos reconstruir a mesma delicadeza.<\/li>\n\n\n\n<li>Talvez n\u00e3o caminhemos pelas mesmas ruas. Mas podemos fazer com que as ruas voltem a se lembrar do ser humano.<\/li>\n\n\n\n<li>Talvez nem toda casa tenha um p\u00e1tio. Mas toda vida precisa de um pouco de c\u00e9u, um pouco de sombra, um pouco de verde e tamb\u00e9m de uma \u00e9tica espacial que pense no vizinho.<\/li>\n<\/ul>\n\n\n\n<p><strong><em>A casa turca me diz um pouco isso. E talvez seja exatamente por isso que as casas turcas pertencem tanto ao futuro quanto ao passado.<\/em><\/strong><\/p>\n","protected":false},"excerpt":{"rendered":"<p>Enquanto navegava pelo X, deparei-me com esta frase de Ali Kaan: \u201cOs turcos s\u00e3o uma na\u00e7\u00e3o que merece viver n\u00e3o em apartamentos apertados, mas em&#46;&#46;&#46;<\/p>\n","protected":false},"author":2,"featured_media":75018,"comment_status":"open","ping_status":"open","sticky":false,"template":"","format":"standard","meta":{"footnotes":"","_wp_rev_ctl_limit":""},"categories":[5360],"tags":[],"class_list":["post-76242","post","type-post","status-publish","format-standard","has-post-thumbnail","hentry","category-nao-categorizado"],"_links":{"self":[{"href":"https:\/\/www.peyzax.com\/pt-br\/wp-json\/wp\/v2\/posts\/76242","targetHints":{"allow":["GET"]}}],"collection":[{"href":"https:\/\/www.peyzax.com\/pt-br\/wp-json\/wp\/v2\/posts"}],"about":[{"href":"https:\/\/www.peyzax.com\/pt-br\/wp-json\/wp\/v2\/types\/post"}],"author":[{"embeddable":true,"href":"https:\/\/www.peyzax.com\/pt-br\/wp-json\/wp\/v2\/users\/2"}],"replies":[{"embeddable":true,"href":"https:\/\/www.peyzax.com\/pt-br\/wp-json\/wp\/v2\/comments?post=76242"}],"version-history":[{"count":1,"href":"https:\/\/www.peyzax.com\/pt-br\/wp-json\/wp\/v2\/posts\/76242\/revisions"}],"predecessor-version":[{"id":76243,"href":"https:\/\/www.peyzax.com\/pt-br\/wp-json\/wp\/v2\/posts\/76242\/revisions\/76243"}],"wp:featuredmedia":[{"embeddable":true,"href":"https:\/\/www.peyzax.com\/pt-br\/wp-json\/wp\/v2\/media\/75018"}],"wp:attachment":[{"href":"https:\/\/www.peyzax.com\/pt-br\/wp-json\/wp\/v2\/media?parent=76242"}],"wp:term":[{"taxonomy":"category","embeddable":true,"href":"https:\/\/www.peyzax.com\/pt-br\/wp-json\/wp\/v2\/categories?post=76242"},{"taxonomy":"post_tag","embeddable":true,"href":"https:\/\/www.peyzax.com\/pt-br\/wp-json\/wp\/v2\/tags?post=76242"}],"curies":[{"name":"wp","href":"https:\/\/api.w.org\/{rel}","templated":true}]}}