{"id":76789,"date":"2026-05-03T13:34:00","date_gmt":"2026-05-03T10:34:00","guid":{"rendered":"https:\/\/www.peyzax.com\/?p=76789"},"modified":"2026-04-27T00:34:20","modified_gmt":"2026-04-26T21:34:20","slug":"escutando-o-espirito-do-lugar-genius-loci-como-um-guardiao-invisivel","status":"publish","type":"post","link":"https:\/\/www.peyzax.com\/pt-br\/escutando-o-espirito-do-lugar-genius-loci-como-um-guardiao-invisivel\/","title":{"rendered":"Escutando O Esp\u00edrito Do Lugar: Genius Loci Como Um Guardi\u00e3o Invis\u00edvel"},"content":{"rendered":"<div id=\"ez-toc-container\" class=\"ez-toc-v2_0_82_2 counter-hierarchy ez-toc-counter ez-toc-custom ez-toc-container-direction\">\n<p class=\"ez-toc-title\" style=\"cursor:inherit\">H\u0131zl\u0131 Git<\/p>\n<label for=\"ez-toc-cssicon-toggle-item-69f75b32ad06a\" class=\"ez-toc-cssicon-toggle-label\"><span class=\"\"><span class=\"eztoc-hide\" style=\"display:none;\">Toggle<\/span><span class=\"ez-toc-icon-toggle-span\"><svg style=\"fill: #ffffff;color:#ffffff\" xmlns=\"http:\/\/www.w3.org\/2000\/svg\" class=\"list-377408\" width=\"20px\" height=\"20px\" viewBox=\"0 0 24 24\" fill=\"none\"><path d=\"M6 6H4v2h2V6zm14 0H8v2h12V6zM4 11h2v2H4v-2zm16 0H8v2h12v-2zM4 16h2v2H4v-2zm16 0H8v2h12v-2z\" fill=\"currentColor\"><\/path><\/svg><svg style=\"fill: #ffffff;color:#ffffff\" class=\"arrow-unsorted-368013\" xmlns=\"http:\/\/www.w3.org\/2000\/svg\" width=\"10px\" height=\"10px\" viewBox=\"0 0 24 24\" version=\"1.2\" baseProfile=\"tiny\"><path d=\"M18.2 9.3l-6.2-6.3-6.2 6.3c-.2.2-.3.4-.3.7s.1.5.3.7c.2.2.4.3.7.3h11c.3 0 .5-.1.7-.3.2-.2.3-.5.3-.7s-.1-.5-.3-.7zM5.8 14.7l6.2 6.3 6.2-6.3c.2-.2.3-.5.3-.7s-.1-.5-.3-.7c-.2-.2-.4-.3-.7-.3h-11c-.3 0-.5.1-.7.3-.2.2-.3.5-.3.7s.1.5.3.7z\"\/><\/svg><\/span><\/span><\/label><input type=\"checkbox\"  id=\"ez-toc-cssicon-toggle-item-69f75b32ad06a\" checked aria-label=\"Alternar\" \/><nav><ul class='ez-toc-list ez-toc-list-level-1 ' ><li class='ez-toc-page-1 ez-toc-heading-level-2'><a class=\"ez-toc-link ez-toc-heading-1\" href=\"https:\/\/www.peyzax.com\/pt-br\/escutando-o-espirito-do-lugar-genius-loci-como-um-guardiao-invisivel\/#Um_Sussurro_Vindo_Da_Mitologia\" >Um Sussurro Vindo Da Mitologia<\/a><\/li><li class='ez-toc-page-1 ez-toc-heading-level-2'><a class=\"ez-toc-link ez-toc-heading-2\" href=\"https:\/\/www.peyzax.com\/pt-br\/escutando-o-espirito-do-lugar-genius-loci-como-um-guardiao-invisivel\/#O_Conselho_Do_Poeta_Um_Respeito_Estetico_Do_Projetista\" >O Conselho Do Poeta: Um Respeito Est\u00e9tico Do Projetista<\/a><\/li><li class='ez-toc-page-1 ez-toc-heading-level-2'><a class=\"ez-toc-link ez-toc-heading-3\" href=\"https:\/\/www.peyzax.com\/pt-br\/escutando-o-espirito-do-lugar-genius-loci-como-um-guardiao-invisivel\/#Ouvir_Os_Sussurros_Do_Terreno\" >Ouvir Os Sussurros Do Terreno<\/a><\/li><li class='ez-toc-page-1 ez-toc-heading-level-2'><a class=\"ez-toc-link ez-toc-heading-4\" href=\"https:\/\/www.peyzax.com\/pt-br\/escutando-o-espirito-do-lugar-genius-loci-como-um-guardiao-invisivel\/#Cidades_Com_A_Alma_Assassinada_E_A_Resistencia_Do_Contexto\" >Cidades Com A Alma Assassinada E A Resist\u00eancia Do Contexto<\/a><\/li><li class='ez-toc-page-1 ez-toc-heading-level-2'><a class=\"ez-toc-link ez-toc-heading-5\" href=\"https:\/\/www.peyzax.com\/pt-br\/escutando-o-espirito-do-lugar-genius-loci-como-um-guardiao-invisivel\/#Escute_O_Espirito_Do_Seu_Proprio_Ambiente\" >Escute O Esp\u00edrito Do Seu Pr\u00f3prio Ambiente<\/a><\/li><\/ul><\/nav><\/div>\n\n<p>Enquanto o clima come\u00e7a, pouco a pouco, a esquentar, estamos naqueles dias em que come\u00e7amos a sentir a doce agita\u00e7\u00e3o da primavera. Com esse movimento discreto na natureza, com as \u00e1rvores brotando e com o cheiro fresco da terra, nasce dentro da gente uma vontade constante de estar ao ar livre e testemunhar o despertar da natureza. Eu tamb\u00e9m, nos \u00faltimos dias, ao pegar minha c\u00e2mera e tentar enquadrar essas mudan\u00e7as, tenho presenciado como os lugares come\u00e7am a respirar junto com a primavera, e sinto que eles come\u00e7am, de algum modo, a conversar conosco. Enquanto a natureza desperta do seu sono de inverno, ela nos lembra novamente que cada canto ao nosso redor tem uma alma pr\u00f3pria, viva e vibrante. Foi justamente essa sensa\u00e7\u00e3o de despertar e renova\u00e7\u00e3o trazida pela primavera que me inspirou a escrever sobre esse tema fascinante, que j\u00e1 estava em minha mente h\u00e1 muito tempo, mas que parecia esperar exatamente estes dias para finalmente chegar ao teclado.<\/p>\n\n\n\n<p>\u00c0s vezes, quando voc\u00ea entra em um lugar, percebe que ele n\u00e3o \u00e9 feito apenas de terra, plantas ou pedras. O leve murm\u00fario do vento passando entre os galhos de uma \u00e1rvore antiga, aquele cheiro familiar que a terra libera depois da chuva, ou o deslocamento lento das sombras\u2026 Quando todos esses detalhes se juntam, voc\u00ea percebe que o lugar quase respira em sil\u00eancio e sussurra algo para voc\u00ea em sua pr\u00f3pria linguagem.<\/p>\n\n\n\n<p>Esse sussurro n\u00e3o \u00e9 apenas uma forma de romantizar a vida; ele \u00e9 justamente o v\u00ednculo invis\u00edvel entre o lugar e o ser humano, uma liga\u00e7\u00e3o que remonta a milhares de anos. Na Antiguidade, as pessoas se comportavam com mais cautela ao entrar nas profundezas de uma floresta, ao descansar \u00e0 beira de uma \u00e1gua ou ao dar o primeiro golpe de enxada na terra. Por qu\u00ea? Porque acreditavam que cada lugar possu\u00eda um guardi\u00e3o silencioso, um car\u00e1ter que n\u00e3o deveria ser assustado, mas respeitado.<\/p>\n\n\n\n<p>Para elas, a natureza n\u00e3o era uma tela vazia sobre a qual se poderia construir, mas um ser vivo. Os romanos deram a esse car\u00e1ter invis\u00edvel, que faz o lugar existir com sua \u00e1gua, seu vento e sua terra, um nome muito bonito: <strong><em>Genius Loci.<\/em><\/strong> Ou seja, &#8220;<strong>o Esp\u00edrito do Lugar&#8221;.<\/strong><\/p>\n\n\n\n<h2 class=\"wp-block-heading\"><span class=\"ez-toc-section\" id=\"Um_Sussurro_Vindo_Da_Mitologia\"><\/span><strong>Um Sussurro Vindo Da Mitologia<\/strong><span class=\"ez-toc-section-end\"><\/span><\/h2>\n\n\n<div class=\"wp-block-image\">\n<figure class=\"alignright size-full is-resized\"><img fetchpriority=\"high\" decoding=\"async\" width=\"298\" height=\"325\" src=\"https:\/\/www.peyzax.com\/wp-content\/uploads\/2026\/04\/genius1.gif\" alt=\"\" class=\"wp-image-75336\" style=\"aspect-ratio:0.9169711297370872;width:223px;height:auto\" title=\"\"><figcaption class=\"wp-element-caption\">Representa\u00e7\u00e3o dos Genii Loci ou Lares<\/figcaption><\/figure>\n<\/div>\n\n\n<p>A origem etimol\u00f3gica e mitol\u00f3gica do conceito de <strong>\u201cGenius Loci\u201d<\/strong> est\u00e1 ligada \u00e0 mitologia romana. Na cren\u00e7a romana, \u201cGenius Loci\u201d nasce da ideia de que cada lugar possui um esp\u00edrito protetor \u00fanico, respons\u00e1vel por guard\u00e1-lo; por isso, o termo \u00e9 traduzido como \u201cesp\u00edrito do lugar\u201d. Na mitologia romana, esses esp\u00edritos, protetores das casas, dos campos e das encruzilhadas, tamb\u00e9m conhecidos como Genii Loci ou Lares, ocupavam um lugar importante na vida das pessoas na Antiguidade. Na <a href=\"https:\/\/tr.wikipedia.org\/wiki\/%C4%B0konografi\" data-type=\"link\" data-id=\"https:\/\/tr.wikipedia.org\/wiki\/%C4%B0konografi\" target=\"_blank\" rel=\"noreferrer noopener nofollow\">iconografia<\/a> romana, esses esp\u00edritos protetores eram geralmente representados como figuras jovens e vivas, carregando nas m\u00e3os uma serpente que simbolizava a fertilidade, uma cornuc\u00f3pia e uma ta\u00e7a de liba\u00e7\u00e3o. Para os romanos, esses esp\u00edritos n\u00e3o eram almas de pessoas mortas, mas diretamente os esp\u00edritos da pr\u00f3pria natureza; acreditava-se at\u00e9 que fossem mais antigos que o pr\u00f3prio mundo.<\/p>\n\n\n<div class=\"wp-block-image\">\n<figure class=\"alignleft size-full is-resized\"><img decoding=\"async\" width=\"1600\" height=\"1067\" src=\"https:\/\/www.peyzax.com\/wp-content\/uploads\/2026\/04\/pexels-snejina-nikolova-2775142-4316662-scaled.jpg\" alt=\"\" class=\"wp-image-75344\" style=\"aspect-ratio:1.4998097846762535;width:349px;height:auto\" title=\"\"><figcaption class=\"wp-element-caption\">Foto: Snejina&nbsp;NIkolova<\/figcaption><\/figure>\n<\/div>\n\n\n<p><strong>Na Antiguidade<\/strong>, as pessoas acreditavam que uma nascente, uma floresta ou uma regi\u00e3o habitada n\u00e3o eram apenas espa\u00e7os f\u00edsicos, mas lugares sagrados protegidos por guardi\u00f5es sobrenaturais. Como consequ\u00eancia dessa cren\u00e7a, antes de tocar aquele lugar ou construir algo ali, era necess\u00e1rio agradar esse <strong>&#8220;esp\u00edrito do lugar&#8221;<\/strong>. Para acalmar o esp\u00edrito do lugar e garantir a continuidade da abund\u00e2ncia e da fertilidade, eram constru\u00eddas casas de esp\u00edritos ou altares. A esses esp\u00edritos eram oferecidos alimentos, incensos e flores, e tamb\u00e9m eram feitos votos e oferendas. Essa atmosfera lend\u00e1ria era um v\u00ednculo espiritual e respeitoso que os seres humanos estabeleciam para se proteger da for\u00e7a destrutiva da natureza e para tornar o lugar, de certo modo, habit\u00e1vel e familiar.<\/p>\n\n\n\n<p>Segundo as abordagens filos\u00f3ficas e arquitet\u00f4nicas presentes nas fontes, o lugar n\u00e3o \u00e9 apenas uma localiza\u00e7\u00e3o f\u00edsica. Ele \u00e9 um fen\u00f4meno qualitativo e integral, no qual valores concretos e abstratos, mem\u00f3rias e experi\u00eancias vividas se acumulam em camadas. De acordo com Norberg-Schulz, um dos pioneiros da fenomenologia arquitet\u00f4nica, <strong>&#8220;genius loci&#8221;<\/strong> expressa <em><strong>o car\u00e1ter, a atmosfera \u00fanica e a identidade de um lugar.<\/strong><\/em> Assim como, na cren\u00e7a da Roma Antiga, cada lugar tinha seu pr\u00f3prio esp\u00edrito, na arquitetura cada espa\u00e7o tamb\u00e9m possui uma identidade viva que lhe pertence. Cada terra e cada \u00e1rea t\u00eam um impulso interior, moldado por sua \u00e9poca e por sua natureza, al\u00e9m de um car\u00e1ter que determina aquilo que desejam se tornar.<\/p>\n\n\n\n<p>O efeito terap\u00eautico e restaurador de um lugar sobre a psicologia humana tamb\u00e9m se alimenta exatamente da leitura correta desse car\u00e1ter interior. Hoje, o conceito de <strong>genius loci<\/strong> \u00e9 usado n\u00e3o como um esp\u00edrito sobrenatural, mas como uma forma de explicar por que um lugar nos faz sentir algo especial. O que retira um lugar da condi\u00e7\u00e3o de simples \u00e1rea f\u00edsica e o transforma em uma presen\u00e7a viva, onde as pessoas sentem pertencimento, seguran\u00e7a e tranquilidade, \u00e9 essa atmosfera singular que ele constr\u00f3i com a natureza ao redor, a arquitetura, as lembran\u00e7as e o tecido cultural. Portanto, o lugar n\u00e3o \u00e9 um objeto morto, independente da percep\u00e7\u00e3o humana. Ele \u00e9 um car\u00e1ter que interage com o ser humano e com a natureza, respirando por meio do <strong>\u201cesp\u00edrito do lugar\u201d<\/strong>.<\/p>\n\n\n\n<h2 class=\"wp-block-heading\"><span class=\"ez-toc-section\" id=\"O_Conselho_Do_Poeta_Um_Respeito_Estetico_Do_Projetista\"><\/span>O Conselho Do Poeta: Um Respeito Est\u00e9tico Do Projetista<span class=\"ez-toc-section-end\"><\/span><\/h2>\n\n\n<div class=\"wp-block-image\">\n<figure class=\"alignright size-full is-resized\"><img decoding=\"async\" width=\"500\" height=\"621\" src=\"https:\/\/www.peyzax.com\/wp-content\/uploads\/2026\/04\/Alexander_Pope_by_Michael_Dahl.jpg\" alt=\"\" class=\"wp-image-75352\" style=\"aspect-ratio:0.805198396239458;width:206px;height:auto\" title=\"\"><figcaption class=\"wp-element-caption\"><strong>Alexander Pope <\/strong><br>Fonte: Wikipedia<\/figcaption><\/figure>\n<\/div>\n\n\n<p>Esse respeito profundo e mitol\u00f3gico que <strong>a Roma Antiga<\/strong> nutria pelos esp\u00edritos protetores dos lugares, ao longo dos s\u00e9culos, deixou de ser apenas uma cren\u00e7a religiosa ou filos\u00f3fica e tornou-se um dos princ\u00edpios fundamentais da arquitetura e do paisagismo. Um dos momentos mais importantes na integra\u00e7\u00e3o dessa cren\u00e7a lend\u00e1ria \u00e0 filosofia do projeto ocorreu no s\u00e9culo XVIII. O poeta ingl\u00eas Alexander Pope, na se\u00e7\u00e3o <em>Epistle to Burlington<\/em> de sua obra <em>Moral Essays<\/em>, em que tratava da paisagem, do desenho de jardins e da arquitetura, resumiu a chave do bom gosto ao projetar um lugar com seu famoso conselho: &#8220;<strong><em>Consulte em tudo o esp\u00edrito do lugar<\/em><\/strong>&#8221; <strong>(Consult the Genius of the Place in all).<\/strong><\/p>\n\n\n\n<p>Esse conselho intelectual que Pope ofereceu aos arquitetos e projetistas de jardins defendia que, em vez de impor a um lugar estruturas ostensivas, artificiais e contr\u00e1rias \u00e0 natureza daquele espa\u00e7o, o car\u00e1ter existente do terreno deveria ser tomado como guia. Com Alexander Pope, essa ideia se transformou, sobre a prancheta, em um respeito est\u00e9tico do projetista pela identidade natural, pela realidade f\u00edsica e pelo potencial do local.<\/p>\n\n\n\n<p>A passagem desse respeito por esp\u00edritos invis\u00edveis e pela mitologia para um respeito pela natureza, pela topografia e pela ecologia existente \u00e9 a maior transforma\u00e7\u00e3o do conceito de <strong>&#8220;genius loci&#8221;<\/strong>. Na arquitetura e no paisagismo contempor\u00e2neos, <strong><em>&#8220;consultar o esp\u00edrito do lugar&#8221;<\/em><\/strong> j\u00e1 n\u00e3o significa acalmar um guardi\u00e3o mitol\u00f3gico; significa compreender o clima daquele lugar, sua estrutura geol\u00f3gica, sua vegeta\u00e7\u00e3o, a dire\u00e7\u00e3o dos ventos e sua topografia.<\/p>\n\n\n\n<p>A ideia de que o terreno deve ser lido e escutado antes do projeto \u00e9 a continuidade de uma postura que n\u00e3o aceita o lugar como um objeto morto, independente da percep\u00e7\u00e3o humana, mas como uma entidade com seu pr\u00f3prio impulso interior e seu pr\u00f3prio car\u00e1ter. Gra\u00e7as a essa vis\u00e3o que <strong>Alexander Pope <\/strong>levou para a paisagem e para a arquitetura, o <strong>&#8220;esp\u00edrito do lugar&#8221;<\/strong> sobrenatural da Antiguidade tornou-se, no mundo moderno, a base de uma consci\u00eancia ambiental sustent\u00e1vel, que n\u00e3o luta contra a natureza e a topografia, mas protege a ecologia existente e se adapta a ela. Assim, o esp\u00edrito protetor das lendas cedeu lugar \u00e0 pr\u00f3pria terra e \u00e0 pr\u00f3pria natureza, tornando-se um dos maiores guias dos projetistas.<\/p>\n\n\n\n<h2 class=\"wp-block-heading\"><span class=\"ez-toc-section\" id=\"Ouvir_Os_Sussurros_Do_Terreno\"><\/span>Ouvir Os Sussurros Do Terreno<span class=\"ez-toc-section-end\"><\/span><\/h2>\n\n\n\n<p>Ler o esp\u00edrito de um lugar \u00e9 uma das etapas mais cr\u00edticas e intuitivas do projeto arquitet\u00f4nico e ambiental. Para um projetista, o terreno n\u00e3o \u00e9 um vazio morto sobre o qual se tra\u00e7am linhas aleat\u00f3rias a partir de uma mesa, nem uma folha em branco (tabula rasa); ele \u00e9 um ser vivo que conta sua pr\u00f3pria hist\u00f3ria, com passado e car\u00e1ter. Segundo o famoso arquiteto Renzo Piano, como cada lugar \u00e9 \u00fanico, antes de iniciar um projeto \u00e9 vital saber <strong><em>&#8220;como escutar o lugar&#8221;<\/em><\/strong>; ouvir as vozes sutis e silenciosas que o lugar sussurra exige captar a sua ess\u00eancia.<\/p>\n\n\n<div class=\"wp-block-image\">\n<figure class=\"alignright size-full is-resized\"><img loading=\"lazy\" decoding=\"async\" width=\"1600\" height=\"1067\" src=\"https:\/\/www.peyzax.com\/wp-content\/uploads\/2026\/04\/pexels-alexjo-877379-5548209-scaled.jpg\" alt=\"\" class=\"wp-image-75361\" style=\"aspect-ratio:1.499806326662363;width:416px;height:auto\" title=\"\"><figcaption class=\"wp-element-caption\">Foto: Alexjo<\/figcaption><\/figure>\n<\/div>\n\n\n<p>Ent\u00e3o, como um projetista l\u00ea esse esp\u00edrito ao pisar no terreno? A percep\u00e7\u00e3o do lugar n\u00e3o \u00e9 apenas um processo visual baseado no que os olhos veem; \u00e9 uma orienta\u00e7\u00e3o <strong>multissensorial (multi-sensory)<\/strong> que se desenvolve por meio de todos os sentidos. O projetista sente e analisa os dados oferecidos pelo terreno em duas camadas principais: os contextos natural e humano:<\/p>\n\n\n\n<ul class=\"wp-block-list\">\n<li><strong>Escutar O Contexto Natural:<\/strong> No terreno, a dire\u00e7\u00e3o e o som do vento, o movimento do sol ao longo do dia, as inclina\u00e7\u00f5es topogr\u00e1ficas, a estrutura do solo, a temperatura e a textura da vegeta\u00e7\u00e3o local formam a infraestrutura f\u00edsica do esp\u00edrito do lugar. Quando um projetista vai ao terreno, ele n\u00e3o apenas olha; sente, com a sola dos p\u00e9s, a maciez ou a dureza da superf\u00edcie sobre a qual pisa, e percebe os aromas locais de flores ou de terra carregados pelo vento. Esses sussurros, que ajudam o lugar a se tornar singular, mostram ao projetista como a luz e o ar podem se integrar \u00e0 estrutura.<\/li>\n\n\n\n<li><strong>Sentir A Mem\u00f3ria Cultural E A Viv\u00eancia:<\/strong> O esp\u00edrito do lugar n\u00e3o se alimenta apenas da natureza, mas tamb\u00e9m da mem\u00f3ria cultural e da mem\u00f3ria coletiva acumuladas pela intera\u00e7\u00e3o entre ser humano, ambiente e tempo naquela regi\u00e3o. O projetista deve sentir os vest\u00edgios hist\u00f3ricos vis\u00edveis ou invis\u00edveis presentes no terreno, a linguagem arquitet\u00f4nica tradicional da regi\u00e3o, seus rituais e suas experi\u00eancias socioculturais.<\/li>\n<\/ul>\n\n\n\n<p>Um bom projeto, sens\u00edvel ao ambiente, n\u00e3o se forma em um escrit\u00f3rio, por meio de modelos padronizados e desconectados do contexto, nem sobre uma folha em branco. Pelo contr\u00e1rio; ele ganha corpo escutando aquilo que o terreno sussurra e estabelecendo um di\u00e1logo com ele. Uma arquitetura qualificada, em que o natural e o artificial se fundem, s\u00f3 pode se formar ao tomar como refer\u00eancia a ecologia, o vento, o sol e a topografia da regi\u00e3o.<\/p>\n\n\n\n<h2 class=\"wp-block-heading\"><span class=\"ez-toc-section\" id=\"Cidades_Com_A_Alma_Assassinada_E_A_Resistencia_Do_Contexto\"><\/span>Cidades Com A Alma Assassinada E A Resist\u00eancia Do Contexto<span class=\"ez-toc-section-end\"><\/span><\/h2>\n\n\n<div class=\"wp-block-image\">\n<figure class=\"alignright size-full is-resized\"><img loading=\"lazy\" decoding=\"async\" width=\"1300\" height=\"975\" src=\"https:\/\/www.peyzax.com\/wp-content\/uploads\/2026\/04\/pexels-moepoofles-3632554-scaled.jpg\" alt=\"\" class=\"wp-image-75371\" style=\"width:402px;height:auto\" title=\"\"><figcaption class=\"wp-element-caption\">Foto: Moepo Ofles<\/figcaption><\/figure>\n<\/div>\n\n\n<p>As mudan\u00e7as contundentes trazidas pela globaliza\u00e7\u00e3o, pela urbaniza\u00e7\u00e3o acelerada e pela industrializa\u00e7\u00e3o afetaram profundamente as cidades e os lugares, provocando o surgimento de estruturas sem alma e an\u00f4nimas, sem qualquer v\u00ednculo com o passado do lugar. A imposi\u00e7\u00e3o for\u00e7ada de modelos copiados e colados sobre um terreno, apenas porque s\u00e3o populares ou porque se ajustam aos padr\u00f5es globais de produ\u00e7\u00e3o em s\u00e9rie, mesmo sendo totalmente contr\u00e1rios ao clima, \u00e0 estrutura geogr\u00e1fica e \u00e0 ecologia daquele espa\u00e7o, destr\u00f3i a identidade \u00fanica do lugar ao ignorar a topografia e o tecido local. Como resultado dessas pr\u00e1ticas urbanas repetidas e prontas, surgem espa\u00e7os sem alma, completamente desconectados das viv\u00eancias do lugar, privados do sentimento de pertencimento e sem qualquer caracter\u00edstica distintiva. Essa abordagem, que enxerga a natureza apenas como um recurso material e um pano de fundo a ser consumido para realizar ideais humanos, praticamente assassina o esp\u00edrito do lugar, pois tapa os ouvidos para os sussurros do terreno.<\/p>\n\n\n\n<p>No entanto, contra esse perigo de uniformiza\u00e7\u00e3o, tamb\u00e9m \u00e9 poss\u00edvel uma resist\u00eancia silenciosa, mas poderosa, que se agarra aos sussurros da natureza e do que \u00e9 local. Em contraste, os projetos que respeitam a exist\u00eancia do terreno e se integram ao <strong>&#8220;esp\u00edrito do lugar&#8221;<\/strong> colocam o contexto e a ecologia em primeiro plano. Em vez de nivelar a topografia e apagar o contexto, os projetos que preservam as rochas existentes, o solo local, o clima e os materiais adaptados \u00e0 natureza da regi\u00e3o mant\u00eam viva a mem\u00f3ria e a espiritualidade do lugar.<\/p>\n\n\n\n<p>N\u00e3o se deve esquecer que os lugares n\u00e3o s\u00e3o formados apenas por elementos f\u00edsicos; eles carregam uma mem\u00f3ria coletiva acumulada pela intera\u00e7\u00e3o entre ser humano, ambiente e tempo, al\u00e9m de um <strong>&#8220;esp\u00edrito do lugar&#8221; (sense of place)<\/strong> abstrato. No entanto, os projetos uniformizadores, de &#8220;copiar e colar&#8221; e desconectados do contexto, trazidos pela globaliza\u00e7\u00e3o, enxergam o lugar como uma m\u00e1quina ou uma tela vazia, matando de forma cruel seu esp\u00edrito aut\u00eantico e sua continuidade cultural. J\u00e1 os lugares bem-sucedidos, que se integram ao pr\u00f3prio esp\u00edrito, reconhecem que cada lugar possui um car\u00e1ter \u00fanico e resistem \u00e0s f\u00f3rmulas padronizadas, respeitando as din\u00e2micas pr\u00f3prias da natureza, seu vento, sua topografia e seu tecido local.<\/p>\n\n\n\n<h2 class=\"wp-block-heading\"><span class=\"ez-toc-section\" id=\"Escute_O_Espirito_Do_Seu_Proprio_Ambiente\"><\/span>Escute O Esp\u00edrito Do Seu Pr\u00f3prio Ambiente<span class=\"ez-toc-section-end\"><\/span><\/h2>\n\n\n<div class=\"wp-block-image\">\n<figure class=\"alignleft size-full is-resized\"><img loading=\"lazy\" decoding=\"async\" width=\"667\" height=\"1000\" src=\"https:\/\/www.peyzax.com\/wp-content\/uploads\/2026\/04\/pexels-suedadilli-37189793-scaled.jpg\" alt=\"\" class=\"wp-image-75379\" style=\"aspect-ratio:0.6668055844967702;width:217px;height:auto\" title=\"\"><figcaption class=\"wp-element-caption\">Foto: Sueda Dilli<\/figcaption><\/figure>\n<\/div>\n\n\n<p><strong>&#8220;Genius loci&#8221; (o esp\u00edrito do lugar),<\/strong> n\u00e3o \u00e9 um conceito te\u00f3rico que ficou apenas nas lendas da <strong>Roma Antiga<\/strong> ou que \u00e9 discutido somente nas pranchetas de grandes arquitetos. Hoje, esse conceito \u00e9 uma realidade que toca diretamente a nossa vida cotidiana e explica por que as ruas por onde caminhamos, os parques onde descansamos e a cidade onde vivemos nos parecem especiais.<\/p>\n\n\n<div class=\"wp-block-image\">\n<figure class=\"alignright size-full is-resized\"><img loading=\"lazy\" decoding=\"async\" width=\"667\" height=\"1000\" src=\"https:\/\/www.peyzax.com\/wp-content\/uploads\/2026\/04\/pexels-d-ng-nhan-324384-15707629-scaled.jpg\" alt=\"\" class=\"wp-image-75387\" style=\"aspect-ratio:0.6668055844967702;width:217px;height:auto\" title=\"\"><figcaption class=\"wp-element-caption\">Foto: D\u01b0\u01a1ng&nbsp;Nh\u00e2n<\/figcaption><\/figure>\n<\/div>\n\n\n<p>A coisa mais importante que devemos fazer para perceber o esp\u00edrito do nosso pr\u00f3prio ambiente \u00e9 desacelerar e escutar a mem\u00f3ria coletiva que o lugar nos oferece. Como afirmou o famoso arquiteto Aldo Rossi, <strong><em>&#8220;a pr\u00f3pria cidade \u00e9 a mem\u00f3ria coletiva daqueles que vivem nela&#8221;<\/em><\/strong>, e a identidade do lugar nasce do ac\u00famulo das mem\u00f3rias dos habitantes da cidade. A sombra de uma \u00e1rvore centen\u00e1ria sob a qual voc\u00ea passa a caminho do trabalho, uma brisa que traz o cheiro do mar, uma rua onde ecoa a sua inf\u00e2ncia, ou aquele canto favorito que lhe transmite pertencimento e seguran\u00e7a. Na verdade, tudo isso \u00e9 uma alma viva que interage com voc\u00ea. Como o poeta Konstantinos Kavafis tamb\u00e9m expressa em seus versos, <strong><em>para onde quer que a pessoa v\u00e1, as viv\u00eancias e o esp\u00edrito daquela cidade sempre ir\u00e3o junto com ela.<\/em><\/strong><\/p>\n\n\n\n<p><em><strong>Porque n\u00f3s n\u00e3o somos apenas espectadores dessas paisagens que projetamos, fotografamos e habitamos; somos uma parte insepar\u00e1vel delas.<\/strong><\/em> Em resumo, o ambiente em que vivemos n\u00e3o \u00e9 apenas uma coordenada f\u00edsica sobre o mapa. Ele \u00e9 um ser vivo, moldado por nossas emo\u00e7\u00f5es, por nosso passado e pelos sussurros da natureza. Enquanto as pessoas continuarem buscando lugares onde se sintam seguras, pertencentes e em paz, esse guardi\u00e3o invis\u00edvel continuar\u00e1 vivendo em nossas sensa\u00e7\u00f5es. Portanto, da pr\u00f3xima vez que voc\u00ea sair pela porta, n\u00e3o olhe ao redor apenas com um olhar comum; sinta o toque do vento na sua pele, o passado sob a terra ou sob o asfalto, o v\u00ednculo invis\u00edvel que o lugar estabelece com voc\u00ea, e escute o esp\u00edrito do seu pr\u00f3prio ambiente.<\/p>\n","protected":false},"excerpt":{"rendered":"<p>Enquanto o clima come\u00e7a, pouco a pouco, a esquentar, estamos naqueles dias em que come\u00e7amos a sentir a doce agita\u00e7\u00e3o da primavera. Com esse movimento&#46;&#46;&#46;<\/p>\n","protected":false},"author":692,"featured_media":75333,"comment_status":"open","ping_status":"open","sticky":false,"template":"","format":"standard","meta":{"footnotes":"","_wp_rev_ctl_limit":""},"categories":[5360],"tags":[],"class_list":["post-76789","post","type-post","status-publish","format-standard","has-post-thumbnail","hentry","category-nao-categorizado"],"_links":{"self":[{"href":"https:\/\/www.peyzax.com\/pt-br\/wp-json\/wp\/v2\/posts\/76789","targetHints":{"allow":["GET"]}}],"collection":[{"href":"https:\/\/www.peyzax.com\/pt-br\/wp-json\/wp\/v2\/posts"}],"about":[{"href":"https:\/\/www.peyzax.com\/pt-br\/wp-json\/wp\/v2\/types\/post"}],"author":[{"embeddable":true,"href":"https:\/\/www.peyzax.com\/pt-br\/wp-json\/wp\/v2\/users\/692"}],"replies":[{"embeddable":true,"href":"https:\/\/www.peyzax.com\/pt-br\/wp-json\/wp\/v2\/comments?post=76789"}],"version-history":[{"count":1,"href":"https:\/\/www.peyzax.com\/pt-br\/wp-json\/wp\/v2\/posts\/76789\/revisions"}],"predecessor-version":[{"id":77681,"href":"https:\/\/www.peyzax.com\/pt-br\/wp-json\/wp\/v2\/posts\/76789\/revisions\/77681"}],"wp:featuredmedia":[{"embeddable":true,"href":"https:\/\/www.peyzax.com\/pt-br\/wp-json\/wp\/v2\/media\/75333"}],"wp:attachment":[{"href":"https:\/\/www.peyzax.com\/pt-br\/wp-json\/wp\/v2\/media?parent=76789"}],"wp:term":[{"taxonomy":"category","embeddable":true,"href":"https:\/\/www.peyzax.com\/pt-br\/wp-json\/wp\/v2\/categories?post=76789"},{"taxonomy":"post_tag","embeddable":true,"href":"https:\/\/www.peyzax.com\/pt-br\/wp-json\/wp\/v2\/tags?post=76789"}],"curies":[{"name":"wp","href":"https:\/\/api.w.org\/{rel}","templated":true}]}}